{"id":346243,"date":"2025-08-26T23:03:19","date_gmt":"2025-08-26T23:03:19","guid":{"rendered":"https:\/\/www.europesays.com\/fr\/346243\/"},"modified":"2025-08-26T23:03:19","modified_gmt":"2025-08-26T23:03:19","slug":"je-prends-un-bouquin-en-pleine-nature-et-je-pars-le-lire-a-la-belle-etoile-ou-sont-ces-boites-a-livres-qui-font-le-bonheur-des-randonneurs","status":"publish","type":"post","link":"https:\/\/www.europesays.com\/fr\/346243\/","title":{"rendered":"\u00ab\u00a0Je prends un bouquin en pleine nature et je pars le lire \u00e0 la belle \u00e9toile\u00a0\u00bb\u00a0: o\u00f9 sont ces bo\u00eetes \u00e0 livres qui font le bonheur des randonneurs\u00a0?"},"content":{"rendered":"<p>\n                                                                    l&rsquo;essentiel<br \/>\n                                                                Les bo\u00eetes \u00e0 livres ont fleuri dans le Lot. C\u2019est tr\u00e8s tendance. On en compte pr\u00e8s d\u2019une centaine o\u00f9 l\u2019on cultive le go\u00fbt de la culture litt\u00e9raire dans des lieux souvent tr\u00e8s insolites m\u00e9tamorphos\u00e9s en petites biblioth\u00e8ques rurales. Exemple dans le cadre bucolique du village de Couzou o\u00f9, face \u00e0 la mairie, se dresse une ancienne cabine t\u00e9l\u00e9phonique remplie de bons bouquins.\n                            <\/p>\n<p>Un promeneur solitaire s\u2019arr\u00eate \u00e0 Couzou, en pleine r\u00eaverie. Va-t-il trouver son bonheur\u00a0? Il descend de son v\u00e9lo. Fr\u00e9d\u00e9ric est un cycliste en randonn\u00e9e dans le Lot. Il dort \u00e0 la belle \u00e9toile et cherche le moyen de r\u00eaver les yeux ouverts. Rien de mieux qu\u2019un bon livre pour cela.<\/p>\n<p>\u00ab\u00a0Je fais un grand tour du Lot \u00e0 v\u00e9lo et parfois je m\u2019arr\u00eate devant les bo\u00eetes \u00e0 livres pour chercher une bonne histoire. C\u2019est le cas ici, \u00e0 Couzou, o\u00f9 j\u2019ai trouv\u00e9 mon bonheur. Je prends un bouquin en pleine nature et je pars le lire \u00e0 la belle \u00e9toile. Je compte bien faire cela\u00a0d\u00e8s mon bivouac ce soir\u00a0\u00bb pr\u00e9voit-il en enfourchant son v\u00e9lo avec un bouquin dans sa sacoche.\u00a0Le village de Couzou est un exemple en mati\u00e8re de gestion de cabine \u00e0 livres.<\/p>\n<p>        <img decoding=\"async\" class=\"std-img__img responsive-img\" src=\"https:\/\/www.europesays.com\/fr\/wp-content\/uploads\/2025\/08\/1756249398_601_image.jpg\" alt=\"Une petite pause litt\u00e9raire pour Fr\u00e9d\u00e9ric.\"\/><\/p>\n<p>                Une petite pause litt\u00e9raire pour Fr\u00e9d\u00e9ric.<br \/>\n                                    Photo J.-L.G<\/p>\n<p>Une cabine t\u00e9l\u00e9phonique d\u00e9cor\u00e9e, entretenue et r\u00e9guli\u00e8rement r\u00e9approvisionn\u00e9e en livres<\/p>\n<p>\u00ab\u00a0Les gens nous apportent des livres en mairie o\u00f9 les d\u00e9posent directement dans la cabine. Des \u00e9lus et moi-m\u00eame veillons au r\u00e9approvisionnement de cette ancienne cabine t\u00e9l\u00e9phonique, \u00e0 sa propret\u00e9 et au choix des livres qui y sont d\u00e9pos\u00e9s. Il doit s\u2019agir avant tout de livres pour tous les publics\u00a0\u00bb souligne Marie-Pierre Pablo, secr\u00e9taire de mairie \u00e0 Couzou.<\/p>\n<p>        <img decoding=\"async\" class=\"std-img__img responsive-img\" src=\"https:\/\/www.europesays.com\/fr\/wp-content\/uploads\/2025\/08\/1756249399_197_image.jpg\" alt=\"La cabine de Couzou, face \u00e0 la mairie, a \u00e9t\u00e9 d\u00e9cor\u00e9e par des jeunes du centre a\u00e9r\u00e9 de Gramat.\"\/><\/p>\n<p>                La cabine de Couzou, face \u00e0 la mairie, a \u00e9t\u00e9 d\u00e9cor\u00e9e par des jeunes du centre a\u00e9r\u00e9 de Gramat.<br \/>\n                                    Photo J.-L.G<\/p>\n<p>\u00ab\u00a0Notre cabine t\u00e9l\u00e9phonique, l\u2019une des derni\u00e8res du d\u00e9partement, a \u00e9t\u00e9 d\u00e9cor\u00e9e par des jeunes accueillis en centre a\u00e9r\u00e9 \u00e0 Gramat. Ils se sont beaucoup investis dans ce travail\u00a0\u00bb se r\u00e9jouit-elle. On trouve d\u2019autres cabines t\u00e9l\u00e9phoniques abritant des \u0153uvres litt\u00e9raires dans le Lot, \u00e0 Biars-sur-C\u00e8re, Corn, Caniac-du-Causse, Gindou, Lanzac, Les Pechs-du-Vers, Reyrevignes\u2026<\/p>\n<p>Un abribus transform\u00e9 en petite biblioth\u00e8que \u00e0 Lauz\u00e8s<\/p>\n<p>Marie-Pierre Pablo\u00a0attire l\u2019attention des randonneurs amoureux de ce genre de lieux culturels atypiques, sur \u00ab\u00a0l\u2019abribus de Lauz\u00e8s transform\u00e9 en toute petite biblioth\u00e8que de rue, avec un tr\u00e8s beau rideau. \u00c0 proximit\u00e9, les communes de Carlucet, Gramat\u2026 comptent\u00a0\u00e9galement des bo\u00eetes \u00e0 livres\u00a0\u00bb ajoute-t-elle en rappelant que le principe \u00ab\u00a0c\u2019est de prendre un livre et si possible d\u2019en d\u00e9poser un quand on le peut.\u00a0\u00bb<\/p>\n<p>Rien n\u2019est forc\u00e9. Seul le plaisir de lire est encourag\u00e9. Un bonheur sans rature\u2026 en pleine nature.<\/p>\n<p>Les bo\u00eetes \u00e0 livres du Lot sont r\u00e9pertori\u00e9es sur le site\u00a0<a data-ved=\"2ahUKEwjRmf3Vo6iPAxWiVqQEHQDtDE4QFnoECBoQAQ\" href=\"https:\/\/boite.a.livres.zonelivre.fr\/boite-a-livres-46-lot\/\" jsname=\"UWckNb\" ping=\"\/url?sa=t&amp;source=web&amp;rct=j&amp;opi=89978449&amp;url=https:\/\/boite.a.livres.zonelivre.fr\/boite-a-livres-46-lot\/&amp;ved=2ahUKEwjRmf3Vo6iPAxWiVqQEHQDtDE4QFnoECBoQAQ\" rel=\"nofollow noopener\" target=\"_blank\">Bo\u00eete \u00e0 livres \u2013 46 \u2013 Lot<\/a>\u00a0; d\u2019autres existent dans des espaces int\u00e9rieurs (mairies, cin\u00e9mas\u00a0etc.)<\/p>\n","protected":false},"excerpt":{"rendered":"l&rsquo;essentiel Les bo\u00eetes \u00e0 livres ont fleuri dans le Lot. C\u2019est tr\u00e8s tendance. On en compte pr\u00e8s d\u2019une&hellip;\n","protected":false},"author":2,"featured_media":346244,"comment_status":"","ping_status":"","sticky":false,"template":"","format":"standard","meta":{"footnotes":""},"categories":[1357],"tags":[1379,58,59,1011,27,1380],"class_list":{"0":"post-346243","1":"post","2":"type-post","3":"status-publish","4":"format-standard","5":"has-post-thumbnail","7":"category-livres","8":"tag-books","9":"tag-divertissement","10":"tag-entertainment","11":"tag-fr","12":"tag-france","13":"tag-livres"},"share_on_mastodon":{"url":"https:\/\/pubeurope.com\/@fr\/115097567754195257","error":""},"_links":{"self":[{"href":"https:\/\/www.europesays.com\/fr\/wp-json\/wp\/v2\/posts\/346243","targetHints":{"allow":["GET"]}}],"collection":[{"href":"https:\/\/www.europesays.com\/fr\/wp-json\/wp\/v2\/posts"}],"about":[{"href":"https:\/\/www.europesays.com\/fr\/wp-json\/wp\/v2\/types\/post"}],"author":[{"embeddable":true,"href":"https:\/\/www.europesays.com\/fr\/wp-json\/wp\/v2\/users\/2"}],"replies":[{"embeddable":true,"href":"https:\/\/www.europesays.com\/fr\/wp-json\/wp\/v2\/comments?post=346243"}],"version-history":[{"count":0,"href":"https:\/\/www.europesays.com\/fr\/wp-json\/wp\/v2\/posts\/346243\/revisions"}],"wp:featuredmedia":[{"embeddable":true,"href":"https:\/\/www.europesays.com\/fr\/wp-json\/wp\/v2\/media\/346244"}],"wp:attachment":[{"href":"https:\/\/www.europesays.com\/fr\/wp-json\/wp\/v2\/media?parent=346243"}],"wp:term":[{"taxonomy":"category","embeddable":true,"href":"https:\/\/www.europesays.com\/fr\/wp-json\/wp\/v2\/categories?post=346243"},{"taxonomy":"post_tag","embeddable":true,"href":"https:\/\/www.europesays.com\/fr\/wp-json\/wp\/v2\/tags?post=346243"}],"curies":[{"name":"wp","href":"https:\/\/api.w.org\/{rel}","templated":true}]}}