{"id":346245,"date":"2025-08-26T23:04:18","date_gmt":"2025-08-26T23:04:18","guid":{"rendered":"https:\/\/www.europesays.com\/fr\/346245\/"},"modified":"2025-08-26T23:04:18","modified_gmt":"2025-08-26T23:04:18","slug":"la-guerre-est-declaree-entre-elisabeth-et-catherine-alix-apprend-une-excellente-nouvelle-le-resume-de-lepisode-1736-du-mercredi-27-aout-2025","status":"publish","type":"post","link":"https:\/\/www.europesays.com\/fr\/346245\/","title":{"rendered":"La guerre est d\u00e9clar\u00e9e entre Elisabeth et Catherine, Alix apprend une excellente nouvelle&#8230; Le r\u00e9sum\u00e9 de l&rsquo;\u00e9pisode 1736 du mercredi 27 ao\u00fbt 2025"},"content":{"rendered":"<p>Dans l&rsquo;\u00e9pisode 1736 d&rsquo;Un si grand soleil diffus\u00e9 ce mercredi 27 ao\u00fbt 2025 sur France 3, Catherine trouve des micros cach\u00e9s chez elle et pense qu&rsquo;il s&rsquo;agit d&rsquo;un coup d&rsquo;Elisabeth. Le conflit entre les deux femmes d&rsquo;affaires ne fait que s&rsquo;attiser. De son c\u00f4t\u00e9, Ulysse fait une grand d\u00e9couverte artistique qui met en joie Alix.<\/p>\n<p><b>Mercredi 27 ao\u00fbt 2025 sur France 3 dans l&rsquo;\u00e9pisode 1736 d&rsquo;<\/b><b>Un si grand soleil<\/b> dont <a href=\"https:\/\/www.programme-tv.net\/news\/series-tv\/384172-un-si-grand-soleil-un-acteur-phare-de-la-serie-annonce-qu-il-va-etre-papa-pour-la-deuxieme-fois\/\" data-api-deeplink=\"teleloisirs:\/\/news\/384172\" target=\"_blank\" rel=\"noopener\">un des acteurs principaux a annonc\u00e9 qu&rsquo;il allait \u00eatre papa<\/a>\u2026 Le matin, \u00e0 la maison, alors qu&rsquo;elle ramasse un bijou que Pascal vient de faire tomber par terre, Catherine d\u00e9couvre un micro plac\u00e9 sous une table. Elle en fait part \u00e0 son compagnon et va appeler la police. Chez Muriel, Boris h\u00e9site \u00e0 aller ce soir \u00e0 un d\u00eener de famille pour f\u00eater le Pacs de Catherine et Pascal, mais Muriel l&rsquo;y encourage. Plus tard, la police passe au peigne fin la maison de Catherine et trouve un autre micro dans la chambre. La femme d&rsquo;affaires va porter plainte au commissariat.<\/p>\n<p>Un si grand soleil en avance : Catherine franchit la ligne rouge pour Boris<\/p>\n<p>Catherine se rend ensuite \u00e0 la mairie pour se pacser avec Pascal. De son c\u00f4t\u00e9, Elisabeth apprend par la police que Catherine l&rsquo;accuse d&rsquo;avoir pos\u00e9 des micros chez elle. Muriel et Boris vont d\u00eener chez Catherine et Laurine qui accueille son fr\u00e8re avec des sarcasmes. Le jeune homme f\u00e9licite sa m\u00e8re et Pascal pour leur union. Au d\u00eener, Catherine raconte \u00e0 son fils sa nouvelle confrontation avec Elisabeth, mais Boris a des doutes sur la culpabilit\u00e9 de sa patronne. Puis, Catherine sous-entend que Muriel pourrait \u00eatre la complice d&rsquo;Elisabeth. Boris quitte la table, tr\u00e8s \u00e9nerv\u00e9.<\/p>\n<p>                        Un si grand soleil en avance : Ulysse fait une d\u00e9couverte d\u00e9terminante<\/p>\n<p>A la galerie, Ulysse annonce \u00e0 Alix (<a href=\"https:\/\/www.programme-tv.net\/news\/series-tv\/275940-un-si-grand-soleil-france-2-qui-est-nadia-fossier-alias-alix-dardel-lamie-de-laetitia-shirley-bousquet\/\" data-api-deeplink=\"teleloisirs:\/\/news\/275940\" target=\"_blank\" rel=\"noopener\">Nadia Fossier<\/a>) que le tableau qu&rsquo;ils ont restaur\u00e9 pourrait bien \u00eatre l&rsquo;\u0153uvre d&rsquo;un impressionniste de talent. En faisant des recherches, Ulysse d\u00e9couvre qu&rsquo;il s&rsquo;agit peut-\u00eatre d&rsquo;un tableau de Fr\u00e9d\u00e9ric Bazille. Ils font venir l&rsquo;un des h\u00e9ritiers de la maison o\u00f9 ont \u00e9t\u00e9 retrouv\u00e9s les tableaux et il s&rsquo;\u00e9nerve en comprenant que ces \u0153uvres valent beaucoup d&rsquo;argent. L&rsquo;h\u00e9ritier prend conseil aupr\u00e8s de Ma\u00eetre Levars pour contre-attaquer.<\/p>\n","protected":false},"excerpt":{"rendered":"Dans l&rsquo;\u00e9pisode 1736 d&rsquo;Un si grand soleil diffus\u00e9 ce mercredi 27 ao\u00fbt 2025 sur France 3, Catherine trouve&hellip;\n","protected":false},"author":2,"featured_media":346246,"comment_status":"","ping_status":"","sticky":false,"template":"","format":"standard","meta":{"footnotes":""},"categories":[1356],"tags":[244,58,59,1011,27,876,252,1364,9766,26118,26117],"class_list":{"0":"post-346245","1":"post","2":"type-post","3":"status-publish","4":"format-standard","5":"has-post-thumbnail","7":"category-television","8":"tag-commentaire","9":"tag-divertissement","10":"tag-entertainment","11":"tag-fr","12":"tag-france","13":"tag-france-3","14":"tag-television","15":"tag-tv","16":"tag-un-si-grand-soleil","17":"tag-un-si-grand-soleil-ru00e9sumu00e9","18":"tag-un-si-grand-soleil-ru00e9sumu00e9-en-avance"},"share_on_mastodon":{"url":"https:\/\/pubeurope.com\/@fr\/115097571505043170","error":""},"_links":{"self":[{"href":"https:\/\/www.europesays.com\/fr\/wp-json\/wp\/v2\/posts\/346245","targetHints":{"allow":["GET"]}}],"collection":[{"href":"https:\/\/www.europesays.com\/fr\/wp-json\/wp\/v2\/posts"}],"about":[{"href":"https:\/\/www.europesays.com\/fr\/wp-json\/wp\/v2\/types\/post"}],"author":[{"embeddable":true,"href":"https:\/\/www.europesays.com\/fr\/wp-json\/wp\/v2\/users\/2"}],"replies":[{"embeddable":true,"href":"https:\/\/www.europesays.com\/fr\/wp-json\/wp\/v2\/comments?post=346245"}],"version-history":[{"count":0,"href":"https:\/\/www.europesays.com\/fr\/wp-json\/wp\/v2\/posts\/346245\/revisions"}],"wp:featuredmedia":[{"embeddable":true,"href":"https:\/\/www.europesays.com\/fr\/wp-json\/wp\/v2\/media\/346246"}],"wp:attachment":[{"href":"https:\/\/www.europesays.com\/fr\/wp-json\/wp\/v2\/media?parent=346245"}],"wp:term":[{"taxonomy":"category","embeddable":true,"href":"https:\/\/www.europesays.com\/fr\/wp-json\/wp\/v2\/categories?post=346245"},{"taxonomy":"post_tag","embeddable":true,"href":"https:\/\/www.europesays.com\/fr\/wp-json\/wp\/v2\/tags?post=346245"}],"curies":[{"name":"wp","href":"https:\/\/api.w.org\/{rel}","templated":true}]}}