{"id":346253,"date":"2025-08-26T23:08:10","date_gmt":"2025-08-26T23:08:10","guid":{"rendered":"https:\/\/www.europesays.com\/fr\/346253\/"},"modified":"2025-08-26T23:08:10","modified_gmt":"2025-08-26T23:08:10","slug":"quatre-recrues-encore-attendues-a-lom-une-porte-de-sortie-en-angleterre-pour-rabiot","status":"publish","type":"post","link":"https:\/\/www.europesays.com\/fr\/346253\/","title":{"rendered":"Quatre recrues encore attendues \u00e0 l&rsquo;OM, une porte de sortie en Angleterre pour Rabiot\u00a0?"},"content":{"rendered":"\n<p>Quatre recrues encore attendues \u00e0 l&rsquo;OM, une porte de sortie en Angleterre pour Rabiot\u00a0?<\/p>\n<p>L&rsquo;OM a ouvert de nombreux fronts pour contenter son entra\u00eeneur Roberto De Zerbi et lui ramener quatre recrues, au moins, d&rsquo;ici \u00e0 lundi soir. \u00c9cart\u00e9 apr\u00e8s la bagarre dans le vestiaire \u00e0 l&rsquo;issue de la d\u00e9faite \u00e0 Rennes, le milieu international Adrien Rabiot suscite l&rsquo;int\u00e9r\u00eat de plusieurs clubs, dont Tottenham, qui pourrait prochainement d\u00e9gainer une offre.<\/p>\n","protected":false},"excerpt":{"rendered":"Quatre recrues encore attendues \u00e0 l&rsquo;OM, une porte de sortie en Angleterre pour Rabiot\u00a0? L&rsquo;OM a ouvert de&hellip;\n","protected":false},"author":2,"featured_media":346254,"comment_status":"","ping_status":"","sticky":false,"template":"","format":"standard","meta":{"footnotes":""},"categories":[9],"tags":[1011,27,60],"class_list":{"0":"post-346253","1":"post","2":"type-post","3":"status-publish","4":"format-standard","5":"has-post-thumbnail","7":"category-sports","8":"tag-fr","9":"tag-france","10":"tag-sports"},"share_on_mastodon":{"url":"https:\/\/pubeurope.com\/@fr\/115097587144478329","error":""},"_links":{"self":[{"href":"https:\/\/www.europesays.com\/fr\/wp-json\/wp\/v2\/posts\/346253","targetHints":{"allow":["GET"]}}],"collection":[{"href":"https:\/\/www.europesays.com\/fr\/wp-json\/wp\/v2\/posts"}],"about":[{"href":"https:\/\/www.europesays.com\/fr\/wp-json\/wp\/v2\/types\/post"}],"author":[{"embeddable":true,"href":"https:\/\/www.europesays.com\/fr\/wp-json\/wp\/v2\/users\/2"}],"replies":[{"embeddable":true,"href":"https:\/\/www.europesays.com\/fr\/wp-json\/wp\/v2\/comments?post=346253"}],"version-history":[{"count":0,"href":"https:\/\/www.europesays.com\/fr\/wp-json\/wp\/v2\/posts\/346253\/revisions"}],"wp:featuredmedia":[{"embeddable":true,"href":"https:\/\/www.europesays.com\/fr\/wp-json\/wp\/v2\/media\/346254"}],"wp:attachment":[{"href":"https:\/\/www.europesays.com\/fr\/wp-json\/wp\/v2\/media?parent=346253"}],"wp:term":[{"taxonomy":"category","embeddable":true,"href":"https:\/\/www.europesays.com\/fr\/wp-json\/wp\/v2\/categories?post=346253"},{"taxonomy":"post_tag","embeddable":true,"href":"https:\/\/www.europesays.com\/fr\/wp-json\/wp\/v2\/tags?post=346253"}],"curies":[{"name":"wp","href":"https:\/\/api.w.org\/{rel}","templated":true}]}}