{"id":346261,"date":"2025-08-26T23:12:12","date_gmt":"2025-08-26T23:12:12","guid":{"rendered":"https:\/\/www.europesays.com\/fr\/346261\/"},"modified":"2025-08-26T23:12:12","modified_gmt":"2025-08-26T23:12:12","slug":"laile-la-plus-rigoriste-des-talibans-renforce-sa-mainmise-sur-lafghanistan","status":"publish","type":"post","link":"https:\/\/www.europesays.com\/fr\/346261\/","title":{"rendered":"l\u2019aile la plus rigoriste des talibans renforce sa mainmise sur l\u2019Afghanistan"},"content":{"rendered":"<p><strong>R\u00c9CIT <\/strong>&#8211; Les diplomates \u00e9trangers, en lien seulement avec la caste politique de Kaboul, n\u2019ont aucun contact avec les vrais dirigeants du pays.<\/p>\n<p class=\"fig-paragraph\">Quatre ans apr\u00e8s leur retour au pouvoir,<a href=\"http:\/\/www.lefigaro.fr\/international\/afghanistan-les-talibans-celebrent-le-quatrieme-anniversaire-de-leur-retour-au-pouvoir-20250815\" data-fig-type=\"NewsFlash\" data-gtm-custom-categorie=\"navigation\" data-gtm-custom-action=\"crossclick\" data-gtm-custom-label=\"Contextuel\" data-gtm-event=\"customEventSPE\" data-fig-domain=\"LEFIGARO\" rel=\"nofollow noopener\" target=\"_blank\">\u00a0les talibans<\/a>\u00a0sont plus que jamais ma\u00eetres de l\u2019Afghanistan et parias de la communaut\u00e9 internationale. Ils \u00e9dictent toujours plus de d\u00e9crets liberticides, tous plus fantasques les uns que les autres, ne laissant aux\u00a0<a href=\"http:\/\/www.lefigaro.fr\/international\/les-talibans-refutent-avoir-arrete-tue-ou-surveille-les-afghans-qui-ont-collabore-avec-le-royaume-uni-20250717\" data-fig-type=\"NewsFlash\" data-gtm-custom-categorie=\"navigation\" data-gtm-custom-action=\"crossclick\" data-gtm-custom-label=\"Contextuel\" data-gtm-event=\"customEventSPE\" data-fig-domain=\"LEFIGARO\" rel=\"nofollow noopener\" target=\"_blank\">Afghans\u00a0<\/a>&#8211; et surtout aux Afghanes &#8211; aucun espace de libert\u00e9.<\/p>\n<p class=\"fig-paragraph\">Pourtant, lors de leurs tractations avec\u00a0<a href=\"http:\/\/www.lefigaro.fr\/international\/la-russie-met-en-garde-les-etats-unis-et-l-otan-contre-tout-retour-en-afghanistan-ou-chez-ses-voisins-20230929\" data-fig-type=\"NewsFlash\" data-gtm-custom-categorie=\"navigation\" data-gtm-custom-action=\"crossclick\" data-gtm-custom-label=\"Contextuel\" data-gtm-event=\"customEventSPE\" data-fig-domain=\"LEFIGARO\" rel=\"nofollow noopener\" target=\"_blank\">les \u00c9tats-Unis<\/a>\u00a0depuis 2018, ils avaient promis de pr\u00e9server les droits humains, et plus particuli\u00e8rement ceux des femmes. Les promesses avaient \u00e9t\u00e9 pr\u00e9sent\u00e9es comme des garanties. En 2019, ils avaient ainsi obtenu un accord avec Washington actant le d\u00e9part des troupes internationales, et qui permit leur retour au pouvoir en 2021\u2026 Vingt ans apr\u00e8s en avoir \u00e9t\u00e9 \u00e9vinc\u00e9s par une coalition internationale men\u00e9e par les Am\u00e9ricains. Les diplomates occidentaux avaient voulu croire en des \u00ab\u00a0talibans\u00a02.0\u00a0\u00bb. Seulement voil\u00e0\u00a0: cette vision simpliste &#8211; et plut\u00f4t opportune, notamment pour les Am\u00e9ricains qui souhaitaient mettre fin \u00e0 la guerre\u2026<\/p>\n<p class=\"fig-premium-paywall__infos\">\n        Cet article est r\u00e9serv\u00e9 aux abonn\u00e9s.        Il vous reste 89% \u00e0 d\u00e9couvrir.\n    <\/p>\n<p>                <img  data- alt=\"Le Figaro\" class=\"fig-img--complete fig-img\"\/><\/p>\n<p class=\"fig-premium-paywall__title\">Vente Flash<\/p>\n<p class=\"fig-premium-paywall__subtitle\">4,99\u20ac par mois pendant 12 mois. Sans engagement<\/p>\n<p class=\"fig-premium-paywall__connect\">\n                D\u00e9j\u00e0 abonn\u00e9\u00a0?                <a class=\"fig-premium-paywall__connect-link\" href=\"https:\/\/connect.lefigaro.fr\/login?client=horizon_web&amp;type=main&amp;redirect_uri=https%3A%2F%2Fwww.lefigaro.fr%2Finternational%2Fun-systeme-qui-fait-penser-a-celui-d-une-organisation-mafieuse-l-aile-la-plus-rigoriste-des-talibans-renforce-sa-mainmise-sur-l-afghanistan-20250826\" data-js-gtm=\"{&quot;customCategorie&quot;: &quot;conversion&quot;, &quot;customAction&quot;: &quot;before_Landing_Connexion_paywall_auto&quot;, &quot;customLabel&quot;: &quot;bGVmaWdhcm8uZnJfXzFmMDgyNjJhLWQ1ZTItNmYzZS05ODM5LTc1NGJiZTczZDM4ZF9fQXJ0aWNsZQ==_\u00abUn syst\u00e8me qui fait penser \u00e0 celui d\u2019une organisation mafieuse\u00bb\u00a0: l\u2019aile la plus rigoriste des talibans renforce sa mainmise sur l\u2019Afghanistan_684&quot;, &quot;customIDSPE&quot;: &quot;bGVmaWdhcm8uZnJfXzFmMDgyNjJhLWQ1ZTItNmYzZS05ODM5LTc1NGJiZTczZDM4ZF9fQXJ0aWNsZQ==&quot;, &quot;event&quot;: &quot;customEventSPE&quot;}\" rel=\"nofollow noopener\" target=\"_blank\"><br \/>\n                    Connectez-vous<br \/>\n                <\/a>\n            <\/p>\n","protected":false},"excerpt":{"rendered":"R\u00c9CIT &#8211; Les diplomates \u00e9trangers, en lien seulement avec la caste politique de Kaboul, n\u2019ont aucun contact avec&hellip;\n","protected":false},"author":2,"featured_media":346262,"comment_status":"","ping_status":"","sticky":false,"template":"","format":"standard","meta":{"footnotes":""},"categories":[5],"tags":[11,598,1011,27,14,596,12,19982,28],"class_list":{"0":"post-346261","1":"post","2":"type-post","3":"status-publish","4":"format-standard","5":"has-post-thumbnail","7":"category-international","8":"tag-actualites","9":"tag-afghanistan","10":"tag-fr","11":"tag-france","12":"tag-international","13":"tag-kaboul","14":"tag-news","15":"tag-talibans","16":"tag-world"},"share_on_mastodon":{"url":"https:\/\/pubeurope.com\/@fr\/115097602909066129","error":""},"_links":{"self":[{"href":"https:\/\/www.europesays.com\/fr\/wp-json\/wp\/v2\/posts\/346261","targetHints":{"allow":["GET"]}}],"collection":[{"href":"https:\/\/www.europesays.com\/fr\/wp-json\/wp\/v2\/posts"}],"about":[{"href":"https:\/\/www.europesays.com\/fr\/wp-json\/wp\/v2\/types\/post"}],"author":[{"embeddable":true,"href":"https:\/\/www.europesays.com\/fr\/wp-json\/wp\/v2\/users\/2"}],"replies":[{"embeddable":true,"href":"https:\/\/www.europesays.com\/fr\/wp-json\/wp\/v2\/comments?post=346261"}],"version-history":[{"count":0,"href":"https:\/\/www.europesays.com\/fr\/wp-json\/wp\/v2\/posts\/346261\/revisions"}],"wp:featuredmedia":[{"embeddable":true,"href":"https:\/\/www.europesays.com\/fr\/wp-json\/wp\/v2\/media\/346262"}],"wp:attachment":[{"href":"https:\/\/www.europesays.com\/fr\/wp-json\/wp\/v2\/media?parent=346261"}],"wp:term":[{"taxonomy":"category","embeddable":true,"href":"https:\/\/www.europesays.com\/fr\/wp-json\/wp\/v2\/categories?post=346261"},{"taxonomy":"post_tag","embeddable":true,"href":"https:\/\/www.europesays.com\/fr\/wp-json\/wp\/v2\/tags?post=346261"}],"curies":[{"name":"wp","href":"https:\/\/api.w.org\/{rel}","templated":true}]}}