{"id":346274,"date":"2025-08-26T23:25:12","date_gmt":"2025-08-26T23:25:12","guid":{"rendered":"https:\/\/www.europesays.com\/fr\/346274\/"},"modified":"2025-08-26T23:25:12","modified_gmt":"2025-08-26T23:25:12","slug":"a-montpellier-le-vote-de-confiance-propose-par-bayrou-nempeche-pas-la-sauce-du-10-septembre-de-monter","status":"publish","type":"post","link":"https:\/\/www.europesays.com\/fr\/346274\/","title":{"rendered":"\u00c0 Montpellier, le vote de confiance propos\u00e9 par Bayrou n\u2019emp\u00eache pas la sauce du 10 septembre de monter"},"content":{"rendered":"<p><strong>Un quatri\u00e8me rendez-vous public de pr\u00e9paration de la mobilisation du 10 septembre a eu lieu dans le Clapas ce mardi 26 ao\u00fbt au soir. Les premiers avaient respectivement r\u00e9unis 20, puis 50, puis 100 participant-es. 200 personnes ont fait le d\u00e9placement ce mardi.<\/strong><\/p>\n<p>\u00ab\u00a0Vu que Bayrou s\u2019en va, on va devoir faire quelques petites modifications sur l\u2019appel au 10, mais le ras le bol g\u00e9n\u00e9ral le d\u00e9passe\u00a0\u00bb\u00a0: c\u2019est par ces paroles que s\u2019est ouverte ce mardi 26 ao\u00fbt une nouvelle assembl\u00e9e de pr\u00e9paration de la mobilisation du 10 septembre \u00e0 Montpellier.<\/p>\n<p>L\u2019annonce du Premier Ministre d\u2019un vote de confiance devant l\u2019Assembl\u00e9e Nationale pour le 8 septembre n\u2019a pas l\u2019air de d\u00e9samorcer la mobilisation sociale du 10 septembre, partie d\u2019une contestation du budget du gouvernement Bayrou. Alors que son gouvernement a de fortes chances de tomber dans deux semaines (une motion de confiance non vot\u00e9e entraine la chute du gouvernement, et l\u2019ensemble des groupes de gauche, PS inclut, ont annonc\u00e9 voter contre, comme celleux du Rassemblement National), et qu\u2019on parle de crise de r\u00e9gime jusque sur les cha\u00eenes d\u2019infos \u00e0 grande audience, \u00e0 Montpellier les pr\u00e9paratifs du 10 septembre vont crescendo.<br \/>Cette quatri\u00e8me assembl\u00e9e g\u00e9n\u00e9rale s\u2019est tenue ce mardi 26 ao\u00fbt en d\u00e9but de soir\u00e9e sur les marches du Corum, plus fr\u00e9quent\u00e9e que jamais. <\/p>\n<p>Dans la foule, d\u2019ancien-nes gilets jaunes, des militant-es syndicaux ou politiques, d\u2019anciens gilets jaunes, tirent des le\u00e7ons des pr\u00e9c\u00e9dents mouvements sociaux, tandis que d\u2019autres participent \u00e0 leur premi\u00e8re assembl\u00e9e g\u00e9n\u00e9rale.<br \/>Iels sont profs, \u00e9tudiant-es, au ch\u00f4mage, salari\u00e9-es des collectivit\u00e9s territoriales ou de la chimie\u2026 Le mouvement du 10 septembre, lanc\u00e9 sur internet en juillet en dehors des appareils politiques et syndicaux traditionnels (bien que l\u2019ensemble des partis de gauche lui courent apr\u00e8s et que de nombreux syndicats ou f\u00e9d\u00e9rations syndicales de lutte s\u2019en soient saisis), semble susciter de l\u2019espoir dans le Clapas.<\/p>\n<p>Diff\u00e9rentes commissions ont d\u00e9j\u00e0 \u00e9t\u00e9 mises en place, charg\u00e9es de t\u00e2ches aussi diverses que de communiquer sur les initiatives de la mobilisation naissante, nourrir ses participant-es, organiser les prochaines actions et assembl\u00e9es, ou encore tenter la voie de comit\u00e9s de quartier.<\/p>\n<p>Si les appels au boycott et \u00e0 une journ\u00e9e sans consommation ont encore un \u00e9cho dans la foule, c\u2019est l\u2019id\u00e9e de bloquer l\u2019\u00e9conomie qui s\u2019impose comme un objectif commun. C\u2019est donc pour le moment vers un blocage aux aurores, puis une manifestation en fin de matin\u00e9e au centre ville, suivie enfin d\u2019une assembl\u00e9e \u00e9largie aux nouveaux-velles participant-es que se dirige la journ\u00e9e du 10 septembre \u00e0 Montpellier. Pr\u00e9lude \u00e0 une rentr\u00e9e sociale sur les chapeaux de roues\u00a0?<\/p>\n<p>Nos articles sont gratuits car nous pensons que la presse ind\u00e9pendante doit \u00eatre accessible \u00e0 toutes et tous. Pourtant, produire une information engag\u00e9e et de qualit\u00e9 n\u00e9cessite du temps et de l\u2019argent, surtout quand on refuse d\u2019\u00eatre aux ordres de Bollor\u00e9 et de ses amis\u2026 Pourvu que \u00e7a dure\u00a0! \u00c7a tombe bien, \u00e7a ne tient qu\u2019\u00e0 vous :<\/p>\n","protected":false},"excerpt":{"rendered":"Un quatri\u00e8me rendez-vous public de pr\u00e9paration de la mobilisation du 10 septembre a eu lieu dans le Clapas&hellip;\n","protected":false},"author":2,"featured_media":346275,"comment_status":"","ping_status":"","sticky":false,"template":"","format":"standard","meta":{"footnotes":""},"categories":[9599],"tags":[1111,11,1777,674,1011,27,2208,12,2680,25],"class_list":{"0":"post-346274","1":"post","2":"type-post","3":"status-publish","4":"format-standard","5":"has-post-thumbnail","7":"category-montpellier","8":"tag-actu","9":"tag-actualites","10":"tag-eu","11":"tag-europe","12":"tag-fr","13":"tag-france","14":"tag-montpellier","15":"tag-news","16":"tag-occitanie","17":"tag-republique-francaise"},"share_on_mastodon":{"url":"https:\/\/pubeurope.com\/@fr\/115097653907425427","error":""},"_links":{"self":[{"href":"https:\/\/www.europesays.com\/fr\/wp-json\/wp\/v2\/posts\/346274","targetHints":{"allow":["GET"]}}],"collection":[{"href":"https:\/\/www.europesays.com\/fr\/wp-json\/wp\/v2\/posts"}],"about":[{"href":"https:\/\/www.europesays.com\/fr\/wp-json\/wp\/v2\/types\/post"}],"author":[{"embeddable":true,"href":"https:\/\/www.europesays.com\/fr\/wp-json\/wp\/v2\/users\/2"}],"replies":[{"embeddable":true,"href":"https:\/\/www.europesays.com\/fr\/wp-json\/wp\/v2\/comments?post=346274"}],"version-history":[{"count":0,"href":"https:\/\/www.europesays.com\/fr\/wp-json\/wp\/v2\/posts\/346274\/revisions"}],"wp:featuredmedia":[{"embeddable":true,"href":"https:\/\/www.europesays.com\/fr\/wp-json\/wp\/v2\/media\/346275"}],"wp:attachment":[{"href":"https:\/\/www.europesays.com\/fr\/wp-json\/wp\/v2\/media?parent=346274"}],"wp:term":[{"taxonomy":"category","embeddable":true,"href":"https:\/\/www.europesays.com\/fr\/wp-json\/wp\/v2\/categories?post=346274"},{"taxonomy":"post_tag","embeddable":true,"href":"https:\/\/www.europesays.com\/fr\/wp-json\/wp\/v2\/tags?post=346274"}],"curies":[{"name":"wp","href":"https:\/\/api.w.org\/{rel}","templated":true}]}}