{"id":346276,"date":"2025-08-26T23:28:10","date_gmt":"2025-08-26T23:28:10","guid":{"rendered":"https:\/\/www.europesays.com\/fr\/346276\/"},"modified":"2025-08-26T23:28:10","modified_gmt":"2025-08-26T23:28:10","slug":"huit-palestiniens-de-bethleem-decouvrent-les-montagnes","status":"publish","type":"post","link":"https:\/\/www.europesays.com\/fr\/346276\/","title":{"rendered":"huit Palestiniens de Bethl\u00e9em d\u00e9couvrent les montagnes"},"content":{"rendered":"<p>Huit jeunes Palestiniens de Bethl\u00e9em, quatre femmes et quatre hommes, plus deux accom\u00adpa\u00adgna\u00adteurs partent \u00e0 la d\u00e9cou\u00adverte des mon\u00adtagnes alpines\u2026 et des habi\u00adtants du quar\u00adtier Villeneuve de Grenoble, du 25 ao\u00fbt au 3 sep\u00adtembre 2025.<\/p>\n<p>Une ren\u00adcontre qui s\u2019ins\u00adcrit dans le cadre d\u2019un pro\u00adjet port\u00e9 par plu\u00adsieurs asso\u00adcia\u00adtions\u00a0: la <a href=\"https:\/\/www.facebook.com\/PalestineClubPAMSD\/?locale=fr_FR\" target=\"_blank\" rel=\"noopener nofollow\">PAMSD<\/a> en Palestine, le <a href=\"https:\/\/www.gref.asso.fr\/wp\/\" target=\"_blank\" rel=\"noopener nofollow\">Gref<\/a>, le <a href=\"https:\/\/www.sgap38.org\/\" target=\"_blank\" rel=\"noopener nofollow\">SGAP<\/a>, la <a href=\"https:\/\/www.laligue38.org\/\" target=\"_blank\" rel=\"noopener nofollow\">Ligue de l\u2019en\u00adsei\u00adgne\u00adment 38<\/a> et la <a href=\"https:\/\/www.ffcam.fr\/\" target=\"_blank\" rel=\"noopener nofollow\">FFCAM<\/a> en France. Et ce en par\u00adte\u00adna\u00adriat avec des acteurs de la vie asso\u00adcia\u00adtive de la Villeneuve.<\/p>\n<p>La d\u00e9marche de la PAMSD vise donc \u00e0 pro\u00admou\u00advoir la ran\u00addon\u00adn\u00e9e et l\u2019es\u00adca\u00adlade (en int\u00e9\u00adrieur et en ext\u00e9\u00adrieur) aupr\u00e8s des Palestiniens. Qui \u00ab\u00a0en d\u00e9couvrent tous les b\u00e9n\u00e9\u00adfices\u00a0: joie de mar\u00adcher, de cr\u00e9er des liens, de res\u00adpi\u00adrer et dimi\u00adnuer le stress\u00a0\u00bb.<\/p>\n<p>\u00ab\u00a0Ce pro\u00adjet d\u2019\u00e9change s\u2019inscrit dans un esprit d\u2019ouverture et de dia\u00adlogue entre deux popu\u00adla\u00adtions de jeunes de Bethl\u00e9em et d\u2019un quar\u00adtier popu\u00adlaire de Grenoble, qui pour des rai\u00adsons dif\u00adf\u00e9\u00adrentes connaissent des m\u00eames r\u00e9a\u00adli\u00adt\u00e9s et pour qui la ren\u00adcontre sera source de sens et d\u2019enrichissement\u00a0\u00bb, pr\u00e9\u00adcise la page <a href=\"https:\/\/www.helloasso.com\/associations\/gref-rhone-alpes-grenoble\/collectes\/tic-tac-accueil\" target=\"_blank\" rel=\"noopener nofollow\">HelloAsso<\/a> d\u00e9di\u00e9e au pro\u00adjet. Les m\u00eames r\u00e9a\u00adli\u00adt\u00e9s\u00a0? De nom\u00adbreux jeunes de la Villeneuve \u00ab\u00a0n\u2019ont jamais quitt\u00e9 ce ter\u00adri\u00adtoire, [\u2026] ignorent tout de la ville et encore plus des mon\u00adtagnes qui l\u2019en\u00adtourent\u00a0\u00bb, affirment les organisateurs.<\/p>\n<p><a href=\"https:\/\/www.europesays.com\/fr\/wp-content\/uploads\/2025\/08\/salle-de-bloc-bethleem-scaled.jpg\"><img fetchpriority=\"high\" decoding=\"async\" aria-describedby=\"caption-attachment-658257\" class=\"wp-image-658257 size-full\" src=\"data:image\/svg+xml,%3Csvg%20xmlns=\" http:=\"\" alt=\"Salle d'escalade \u00e0 Bethl\u00e9em. \u00a9 Gref - HelloAsso\" width=\"2048\" height=\"1365\" data-lazy- data-lazy- data-lazy-src=\"https:\/\/www.europesays.com\/fr\/wp-content\/uploads\/2025\/08\/salle-de-bloc-bethleem-scaled.jpg\"\/><\/a><\/p>\n<p id=\"caption-attachment-658257\" class=\"wp-caption-text\">Salle d\u2019es\u00adca\u00adlade \u00e0 Bethl\u00e9em. \u00a9 Gref \u2013 HelloAsso<\/p>\n<p>Un point com\u00admun en somme avec des jeunes de Bethl\u00e9em que \u00ab\u00a0rien ne pr\u00e9\u00addis\u00adpo\u00adsait [\u2026] \u00e0 d\u00e9ve\u00adlop\u00adper une culture de ran\u00addon\u00adn\u00e9e ou de sports de mon\u00adtagne. [Et pour qui] sor\u00adtir de son vil\u00adlage, affron\u00adter les bar\u00adrages, la peur, les obs\u00adtacles de l\u2019occupation \u00e9taient en soi une mon\u00adtagne\u00a0\u00bb, pour\u00adsuivent les associations.<\/p>\n<p>Accueillis par des familles de la Villeneuve, les jeunes de Bethl\u00e9em ont un pro\u00adgramme bien charg\u00e9 pour leur s\u00e9jour gre\u00adno\u00adblois, \u00e9maill\u00e9s tou\u00adte\u00adfois de moments de temps libres. Apr\u00e8s une mon\u00adt\u00e9e \u00e0 la Bastille le 26 ao\u00fbt, sui\u00advra la d\u00e9cou\u00adverte de l\u2019es\u00adpace ver\u00adti\u00adcal Bouchayer le 27 (avant une r\u00e9cep\u00adtion \u00e0 la mai\u00adrie), une ren\u00adcontre avec les <a href=\"https:\/\/www.apprentis-auteuil.org\/\" target=\"_blank\" rel=\"noopener nofollow\">Apprentis d\u2019Auteuil<\/a> le 28, un tour\u00adnoi de foot le 29\u2026 et sur\u00adtout des ran\u00addon\u00adn\u00e9es dans le Vercors les dimanche 30 ao\u00fbt et lundi 1er sep\u00adtembre. Une soi\u00adr\u00e9e d\u2019a\u00addieux vien\u00addra conclure le d\u00e9pla\u00adce\u00adment des jeunes, le mardi 2 sep\u00adtembre, la veille de leur d\u00e9part.<\/p>\n","protected":false},"excerpt":{"rendered":"Huit jeunes Palestiniens de Bethl\u00e9em, quatre femmes et quatre hommes, plus deux accom\u00adpa\u00adgna\u00adteurs partent \u00e0 la d\u00e9cou\u00adverte des&hellip;\n","protected":false},"author":2,"featured_media":346277,"comment_status":"","ping_status":"","sticky":false,"template":"","format":"standard","meta":{"footnotes":""},"categories":[9566],"tags":[1111,11,2430,1777,674,1011,27,2731,12,25],"class_list":{"0":"post-346276","1":"post","2":"type-post","3":"status-publish","4":"format-standard","5":"has-post-thumbnail","7":"category-grenoble","8":"tag-actu","9":"tag-actualites","10":"tag-auvergne-rhone-alpes","11":"tag-eu","12":"tag-europe","13":"tag-fr","14":"tag-france","15":"tag-grenoble","16":"tag-news","17":"tag-republique-francaise"},"share_on_mastodon":{"url":"https:\/\/pubeurope.com\/@fr\/115097665746172413","error":""},"_links":{"self":[{"href":"https:\/\/www.europesays.com\/fr\/wp-json\/wp\/v2\/posts\/346276","targetHints":{"allow":["GET"]}}],"collection":[{"href":"https:\/\/www.europesays.com\/fr\/wp-json\/wp\/v2\/posts"}],"about":[{"href":"https:\/\/www.europesays.com\/fr\/wp-json\/wp\/v2\/types\/post"}],"author":[{"embeddable":true,"href":"https:\/\/www.europesays.com\/fr\/wp-json\/wp\/v2\/users\/2"}],"replies":[{"embeddable":true,"href":"https:\/\/www.europesays.com\/fr\/wp-json\/wp\/v2\/comments?post=346276"}],"version-history":[{"count":0,"href":"https:\/\/www.europesays.com\/fr\/wp-json\/wp\/v2\/posts\/346276\/revisions"}],"wp:featuredmedia":[{"embeddable":true,"href":"https:\/\/www.europesays.com\/fr\/wp-json\/wp\/v2\/media\/346277"}],"wp:attachment":[{"href":"https:\/\/www.europesays.com\/fr\/wp-json\/wp\/v2\/media?parent=346276"}],"wp:term":[{"taxonomy":"category","embeddable":true,"href":"https:\/\/www.europesays.com\/fr\/wp-json\/wp\/v2\/categories?post=346276"},{"taxonomy":"post_tag","embeddable":true,"href":"https:\/\/www.europesays.com\/fr\/wp-json\/wp\/v2\/tags?post=346276"}],"curies":[{"name":"wp","href":"https:\/\/api.w.org\/{rel}","templated":true}]}}