{"id":346278,"date":"2025-08-26T23:29:32","date_gmt":"2025-08-26T23:29:32","guid":{"rendered":"https:\/\/www.europesays.com\/fr\/346278\/"},"modified":"2025-08-26T23:29:32","modified_gmt":"2025-08-26T23:29:32","slug":"ligue-2-red-star-gf38-programme","status":"publish","type":"post","link":"https:\/\/www.europesays.com\/fr\/346278\/","title":{"rendered":"Ligue 2. Red Star &#8211; GF38 programm\u00e9"},"content":{"rendered":"<p>La LFP a d\u00e9voil\u00e9 la programmation de la 11\u00e8me journ\u00e9e de Ligue 3. Le GF38 se d\u00e9placera sur la pelouse du Red Star le vendredi 24 octobre avec coup d\u2019envoi du match \u00e0 20 heures.<\/p>\n<p>La programmation compl\u00e8te de la 11\u00e8me journ\u00e9e de Ligue 2 <\/p>\n<p><strong>Vendredi 24 octobre 2025 \u00e0 20h00\u00a0<\/strong><br \/>Stade de Reims \u2013 ESTAC Troyes<br \/>Pau FC \u2013 USL Dunkerque<br \/>EA Guingamp \u2013 Clermont Foot 63<br \/>Red Star FC \u2013 Grenoble Foot 38<br \/>Le Mans FC \u2013 US Boulogne CO<br \/>SC Bastia \u2013 Stade Lavallois MFC<\/p>\n<p><strong>Samedi 25 octobre 2025 \u00e0 14h00 <\/strong><br \/>Montpellier H\u00e9rault SC \u2013 AS Nancy-Lorraine<br \/>Amiens SC \u2013 Rodez AF<\/p>\n<p><strong>Samedi 25 octobre 2025 \u00e0 20h00 <\/strong><br \/>FC Annecy \u2013 AS Saint-Etienne<\/p>\n","protected":false},"excerpt":{"rendered":"La LFP a d\u00e9voil\u00e9 la programmation de la 11\u00e8me journ\u00e9e de Ligue 3. Le GF38 se d\u00e9placera sur&hellip;\n","protected":false},"author":2,"featured_media":346279,"comment_status":"","ping_status":"","sticky":false,"template":"","format":"standard","meta":{"footnotes":""},"categories":[9566],"tags":[1111,11,2430,1777,674,1011,27,2731,12,25],"class_list":{"0":"post-346278","1":"post","2":"type-post","3":"status-publish","4":"format-standard","5":"has-post-thumbnail","7":"category-grenoble","8":"tag-actu","9":"tag-actualites","10":"tag-auvergne-rhone-alpes","11":"tag-eu","12":"tag-europe","13":"tag-fr","14":"tag-france","15":"tag-grenoble","16":"tag-news","17":"tag-republique-francaise"},"share_on_mastodon":{"url":"https:\/\/pubeurope.com\/@fr\/115097669692330193","error":""},"_links":{"self":[{"href":"https:\/\/www.europesays.com\/fr\/wp-json\/wp\/v2\/posts\/346278","targetHints":{"allow":["GET"]}}],"collection":[{"href":"https:\/\/www.europesays.com\/fr\/wp-json\/wp\/v2\/posts"}],"about":[{"href":"https:\/\/www.europesays.com\/fr\/wp-json\/wp\/v2\/types\/post"}],"author":[{"embeddable":true,"href":"https:\/\/www.europesays.com\/fr\/wp-json\/wp\/v2\/users\/2"}],"replies":[{"embeddable":true,"href":"https:\/\/www.europesays.com\/fr\/wp-json\/wp\/v2\/comments?post=346278"}],"version-history":[{"count":0,"href":"https:\/\/www.europesays.com\/fr\/wp-json\/wp\/v2\/posts\/346278\/revisions"}],"wp:featuredmedia":[{"embeddable":true,"href":"https:\/\/www.europesays.com\/fr\/wp-json\/wp\/v2\/media\/346279"}],"wp:attachment":[{"href":"https:\/\/www.europesays.com\/fr\/wp-json\/wp\/v2\/media?parent=346278"}],"wp:term":[{"taxonomy":"category","embeddable":true,"href":"https:\/\/www.europesays.com\/fr\/wp-json\/wp\/v2\/categories?post=346278"},{"taxonomy":"post_tag","embeddable":true,"href":"https:\/\/www.europesays.com\/fr\/wp-json\/wp\/v2\/tags?post=346278"}],"curies":[{"name":"wp","href":"https:\/\/api.w.org\/{rel}","templated":true}]}}