{"id":346280,"date":"2025-08-26T23:31:34","date_gmt":"2025-08-26T23:31:34","guid":{"rendered":"https:\/\/www.europesays.com\/fr\/346280\/"},"modified":"2025-08-26T23:31:34","modified_gmt":"2025-08-26T23:31:34","slug":"rennes-une-piste-offensive-a-creuser-une-autre-a-oublier","status":"publish","type":"post","link":"https:\/\/www.europesays.com\/fr\/346280\/","title":{"rendered":"Rennes, une piste offensive \u00e0 creuser, une autre \u00e0 oublier"},"content":{"rendered":"<p><strong>Le Stade Rennais a une semaine<br \/>\npour trouver son avant-centre. Une piste fra\u00eechement raviv\u00e9e<br \/>\npourrait bien aboutir sous peu.<\/strong><\/p>\n<p>Pas verni dans sa qu\u00eate d\u2019un nouveau buteur, le Stade Rennais va<br \/>\nprobablement faire chou blanc dans <strong><a href=\"https:\/\/www.sports.fr\/football\/mercato\" rel=\"nofollow noopener\" target=\"_blank\">un dossier suivi de longue<br \/>\ndate<\/a><\/strong>. Celui menant \u00e0 l\u2019attaquant danois du Sporting<br \/>\nConrad Harder. Ces jours-ci, l\u2019AC Milan est entr\u00e9 dans la danse en<br \/>\neffet, faisant de l\u2019ombre au club breton aupr\u00e8s des dirigeants<br \/>\nlisbonnais.<\/p>\n<p>Selon la Gazzette dello Sport, un accord de principe aurait \u00e9t\u00e9<br \/>\ntrouv\u00e9 d\u00e9j\u00e0 entre les Rossoneri et la direction lusitanienne. Sur<br \/>\nla base d\u2019un transfert \u00e0 24 millions d\u2019euros plus 3 millions de<br \/>\nbonus et un int\u00e9ressement \u00e0 la revente \u00e0 hauteur de 10%. Un coup<br \/>\ndur pour les Rouges et Noirs, qui ont toutefois renou\u00e9 le dialogue<br \/>\navec un autre \u00e9tat-major.<\/p>\n<blockquote class=\"twitter-tweet\"><p><a class=\"twitter-link\" rel=\"noindex, nofollow noopener\" href=\"https:\/\/twitter.com\/sports_fr\/status\/1960013565496102935\" target=\"_blank\"><\/p><\/blockquote>\n<p>C\u2019est du c\u00f4t\u00e9 d\u2019Angers que les discussions ont repris en effet<br \/>\npour le cas d\u2019Esteban Lepaul. Alors que le SCO avait oppos\u00e9 \u00e0 une<br \/>\npremi\u00e8re offre de 10 millions d\u2019euros une contre-proposition<br \/>\ngourmande \u00e0 25 millions, l\u2019affaire pourrait s\u2019entendre selon<br \/>\nL\u2019Equipe autour de 15 millions d\u2019euros pour le buteur angevin de 25<br \/>\nans, auteur de 10 r\u00e9alisations en 30 matches de Ligue 1.<\/p>\n<p><script async src=\"https:\/\/platform.twitter.com\/widgets.js\" charset=\"utf-8\"><\/script><\/p>\n","protected":false},"excerpt":{"rendered":"Le Stade Rennais a une semaine pour trouver son avant-centre. Une piste fra\u00eechement raviv\u00e9e pourrait bien aboutir sous&hellip;\n","protected":false},"author":2,"featured_media":176623,"comment_status":"","ping_status":"","sticky":false,"template":"","format":"standard","meta":{"footnotes":""},"categories":[2821],"tags":[1111,11,829,1777,674,1011,27,12,584,25],"class_list":{"0":"post-346280","1":"post","2":"type-post","3":"status-publish","4":"format-standard","5":"has-post-thumbnail","7":"category-rennes","8":"tag-actu","9":"tag-actualites","10":"tag-bretagne","11":"tag-eu","12":"tag-europe","13":"tag-fr","14":"tag-france","15":"tag-news","16":"tag-rennes","17":"tag-republique-francaise"},"share_on_mastodon":{"url":"https:\/\/pubeurope.com\/@fr\/115097677643152600","error":""},"_links":{"self":[{"href":"https:\/\/www.europesays.com\/fr\/wp-json\/wp\/v2\/posts\/346280","targetHints":{"allow":["GET"]}}],"collection":[{"href":"https:\/\/www.europesays.com\/fr\/wp-json\/wp\/v2\/posts"}],"about":[{"href":"https:\/\/www.europesays.com\/fr\/wp-json\/wp\/v2\/types\/post"}],"author":[{"embeddable":true,"href":"https:\/\/www.europesays.com\/fr\/wp-json\/wp\/v2\/users\/2"}],"replies":[{"embeddable":true,"href":"https:\/\/www.europesays.com\/fr\/wp-json\/wp\/v2\/comments?post=346280"}],"version-history":[{"count":0,"href":"https:\/\/www.europesays.com\/fr\/wp-json\/wp\/v2\/posts\/346280\/revisions"}],"wp:featuredmedia":[{"embeddable":true,"href":"https:\/\/www.europesays.com\/fr\/wp-json\/wp\/v2\/media\/176623"}],"wp:attachment":[{"href":"https:\/\/www.europesays.com\/fr\/wp-json\/wp\/v2\/media?parent=346280"}],"wp:term":[{"taxonomy":"category","embeddable":true,"href":"https:\/\/www.europesays.com\/fr\/wp-json\/wp\/v2\/categories?post=346280"},{"taxonomy":"post_tag","embeddable":true,"href":"https:\/\/www.europesays.com\/fr\/wp-json\/wp\/v2\/tags?post=346280"}],"curies":[{"name":"wp","href":"https:\/\/api.w.org\/{rel}","templated":true}]}}