{"id":346287,"date":"2025-08-26T23:35:29","date_gmt":"2025-08-26T23:35:29","guid":{"rendered":"https:\/\/www.europesays.com\/fr\/346287\/"},"modified":"2025-08-26T23:35:29","modified_gmt":"2025-08-26T23:35:29","slug":"circulation-dense-attendue-dans-les-alpes-maritimes-et-le-var-pour-le-dernier-week-end-daout","status":"publish","type":"post","link":"https:\/\/www.europesays.com\/fr\/346287\/","title":{"rendered":"Circulation dense attendue dans les Alpes-Maritimes et le Var pour le dernier week-end d&rsquo;ao\u00fbt"},"content":{"rendered":"<p>Le dernier week-end d\u2019ao\u00fbt, veille de rentr\u00e9e scolaire, s\u2019annonce charg\u00e9 sur les routes de la r\u00e9gion Provence-Alpes-C\u00f4te d\u2019Azur, notamment dans les Alpes-Maritimes et le Var.<\/p>\n<p>Les automobilistes doivent s\u2019attendre \u00e0 un trafic soutenu sur l\u2019A8 et ses axes d\u2019acc\u00e8s, ainsi que sur le contournement de Nice.<\/p>\n<p><strong>Des pics pr\u00e9vus d\u00e8s vendredi apr\u00e8s-midi<\/strong><\/p>\n<p>D\u00e8s vendredi 29 ao\u00fbt, la circulation va se densifier autour de Nice, entre 15h et 20h.<\/p>\n<p>Le contournement de la ville restera charg\u00e9 toute la journ\u00e9e de samedi 30 ao\u00fbt, avec des perturbations qui devraient se prolonger dimanche 31 ao\u00fbt, particuli\u00e8rement aux heures de pointe.<\/p>\n<p>Dans le sens Lyon-Nice, la circulation sera \u00e9galement soutenue \u00e0 hauteur d\u2019Aix-en-Provence, entre 9h et 13h samedi, puis entre 13h et 20h.\u00a0<\/p>\n<p>En r\u00e9sum\u00e9, le dernier week-end d\u2019ao\u00fbt dans les Alpes-Maritimes et le Var s\u2019annonce dense et exige prudence et organisation pour tous les conducteurs.\u00a0<\/p>\n<p>Les automobilistes sont invit\u00e9s \u00e0 anticiper leurs trajets et \u00e0 pr\u00e9voir des marges de s\u00e9curit\u00e9 suppl\u00e9mentaires.<\/p>\n","protected":false},"excerpt":{"rendered":"Le dernier week-end d\u2019ao\u00fbt, veille de rentr\u00e9e scolaire, s\u2019annonce charg\u00e9 sur les routes de la r\u00e9gion Provence-Alpes-C\u00f4te d\u2019Azur,&hellip;\n","protected":false},"author":2,"featured_media":346288,"comment_status":"","ping_status":"","sticky":false,"template":"","format":"standard","meta":{"footnotes":""},"categories":[2819],"tags":[1111,11,1777,674,1011,27,803,12,2401,882,25],"class_list":{"0":"post-346287","1":"post","2":"type-post","3":"status-publish","4":"format-standard","5":"has-post-thumbnail","7":"category-nice","8":"tag-actu","9":"tag-actualites","10":"tag-eu","11":"tag-europe","12":"tag-fr","13":"tag-france","14":"tag-info-trafic","15":"tag-news","16":"tag-nice","17":"tag-provence-alpes-cote-dazur","18":"tag-republique-francaise"},"share_on_mastodon":{"url":"https:\/\/pubeurope.com\/@fr\/115097693270812372","error":""},"_links":{"self":[{"href":"https:\/\/www.europesays.com\/fr\/wp-json\/wp\/v2\/posts\/346287","targetHints":{"allow":["GET"]}}],"collection":[{"href":"https:\/\/www.europesays.com\/fr\/wp-json\/wp\/v2\/posts"}],"about":[{"href":"https:\/\/www.europesays.com\/fr\/wp-json\/wp\/v2\/types\/post"}],"author":[{"embeddable":true,"href":"https:\/\/www.europesays.com\/fr\/wp-json\/wp\/v2\/users\/2"}],"replies":[{"embeddable":true,"href":"https:\/\/www.europesays.com\/fr\/wp-json\/wp\/v2\/comments?post=346287"}],"version-history":[{"count":0,"href":"https:\/\/www.europesays.com\/fr\/wp-json\/wp\/v2\/posts\/346287\/revisions"}],"wp:featuredmedia":[{"embeddable":true,"href":"https:\/\/www.europesays.com\/fr\/wp-json\/wp\/v2\/media\/346288"}],"wp:attachment":[{"href":"https:\/\/www.europesays.com\/fr\/wp-json\/wp\/v2\/media?parent=346287"}],"wp:term":[{"taxonomy":"category","embeddable":true,"href":"https:\/\/www.europesays.com\/fr\/wp-json\/wp\/v2\/categories?post=346287"},{"taxonomy":"post_tag","embeddable":true,"href":"https:\/\/www.europesays.com\/fr\/wp-json\/wp\/v2\/tags?post=346287"}],"curies":[{"name":"wp","href":"https:\/\/api.w.org\/{rel}","templated":true}]}}