{"id":346289,"date":"2025-08-26T23:37:26","date_gmt":"2025-08-26T23:37:26","guid":{"rendered":"https:\/\/www.europesays.com\/fr\/346289\/"},"modified":"2025-08-26T23:37:26","modified_gmt":"2025-08-26T23:37:26","slug":"loire-atlantique-un-homme-coince-dans-un-broyeur-a-bois-dune-scierie-hospitalise-en-urgence-absolue","status":"publish","type":"post","link":"https:\/\/www.europesays.com\/fr\/346289\/","title":{"rendered":"Loire-Atlantique\u00a0: un homme coinc\u00e9 dans un broyeur \u00e0 bois d&rsquo;une scierie hospitalis\u00e9 en urgence absolue"},"content":{"rendered":"<p> <img decoding=\"async\" src=\"https:\/\/www.europesays.com\/fr\/wp-content\/uploads\/2025\/08\/1756251446_504_1200x680\" alt=\"illustration agrandir l'image\" style=\"--_image-preview:url('data:image\/jpeg;base64,\/9j\/2wBDACgcHiMeGSgjISMtKygwPGRBPDc3PHtYXUlkkYCZlo+AjIqgtObDoKrarYqMyP\/L2u71\/\/\/\/m8H\/\/\/\/6\/+b9\/\/j\/2wBDASstLTw1PHZBQXb4pYyl+Pj4+Pj4+Pj4+Pj4+Pj4+Pj4+Pj4+Pj4+Pj4+Pj4+Pj4+Pj4+Pj4+Pj4+Pj4+Pj4+Pj\/wAARCAAXACoDASIAAhEBAxEB\/8QAGAAAAwEBAAAAAAAAAAAAAAAAAAECAwT\/xAAYEAEBAQEBAAAAAAAAAAAAAAAAARICEf\/EABYBAQEBAAAAAAAAAAAAAAAAAAECAP\/EABYRAQEBAAAAAAAAAAAAAAAAAAABEf\/aAAwDAQACEQMRAD8AZenUWqgO9FpFpaUGuj0w0NtodHTLoBMUztTaAQVqfQAz\/9k=');\" loading=\"eager\" fetchpriority=\"high\" aria-hidden=\"true\" class=\"svelte-1pnmlwx rounded\" onload=\"this.__e=event\" onerror=\"this.__e=event\"\/> L&rsquo;homme a \u00e9t\u00e9 conduit au CHU de Nantes. \u00a9 Radio France &#8211; Morgane Guiomard     <img decoding=\"async\" src=\"https:\/\/www.europesays.com\/fr\/wp-content\/uploads\/2025\/08\/1756251446_545_400x400\" alt=\"\" style=\"--_image-preview:url('data:image\/jpeg;base64,\/9j\/2wBDACgcHiMeGSgjISMtKygwPGRBPDc3PHtYXUlkkYCZlo+AjIqgtObDoKrarYqMyP\/L2u71\/\/\/\/m8H\/\/\/\/6\/+b9\/\/j\/2wBDASstLTw1PHZBQXb4pYyl+Pj4+Pj4+Pj4+Pj4+Pj4+Pj4+Pj4+Pj4+Pj4+Pj4+Pj4+Pj4+Pj4+Pj4+Pj4+Pj4+Pj\/wAARCAAqACoDASIAAhEBAxEB\/8QAGAABAQEBAQAAAAAAAAAAAAAAAgEAAwT\/xAAWEAEBAQAAAAAAAAAAAAAAAAAAARH\/xAAWAQEBAQAAAAAAAAAAAAAAAAABAAL\/xAAUEQEAAAAAAAAAAAAAAAAAAAAA\/9oADAMBAAIRAxEAPwDxYNjpjYC54shYuJNIuNIWEDFwZSlZaXEwmIaRcaRcIeeUpQKAukpQIcSKM0Uh\/9k=');\" loading=\"lazy\" fetchpriority=\"low\" aria-hidden=\"true\" class=\"svelte-1pnmlwx fullRounded\" onload=\"this.__e=event\" onerror=\"this.__e=event\"\/> C\u00e9line Loizeau  <\/p>\n<p class=\"g-ici-body-regular-3 info svelte-1c4u67c\">Publi\u00e9 le mardi 26 ao\u00fbt 2025 \u00e0 14:31 <\/p>\n<ul class=\"SocialNetworks svelte-bt5901\">\n<li class=\"svelte-bt5901\"><\/li>\n<li class=\"svelte-bt5901\"><\/li>\n<li class=\"svelte-bt5901\"><\/li>\n<li class=\"svelte-bt5901\"><\/li>\n<li class=\"svelte-bt5901\"><\/li>\n<\/ul>\n<p class=\"standfirst g-ici-body-bold-1 svelte-983d72\">Un homme a \u00e9t\u00e9 transport\u00e9 en urgence absolue vers le CHU de Nantes ce mardi 26 ao\u00fbt. Il s&rsquo;est retrouv\u00e9 avec le bas du corps coinc\u00e9 dans un broyeur \u00e0 bois, dans une scierie, sur la commune de Nozay, entre Nantes et Ch\u00e2teaubriant.<\/p>\n<p>C&rsquo;est un grave accident du travail qui a eu lieu, ce mardi 26 ao\u00fbt au matin, \u00e0 la scierie Bourdaud de Nozay, entre Nantes et Ch\u00e2teaubriant (Loire-Atlantique). Un homme a eu <strong>les jambes coinc\u00e9es dans un broyeur \u00e0 bois<\/strong>, vers 7 heures du matin. Une dizaine de pompiers est intervenue. Les secours ont r\u00e9ussi \u00e0 lib\u00e9rer l&rsquo;homme.<\/p>\n<p><strong>La victime est \u00e2g\u00e9e d&rsquo;une trentaine d&rsquo;ann\u00e9es<\/strong>. L&#8217;employ\u00e9 a \u00e9t\u00e9 conduit sous escorte de la gendarmerie au CHU de Nantes. Son pronostic vital \u00e9tait alors engag\u00e9 selon les gendarmes.\u00a0Une enqu\u00eate est ouverte et l&rsquo;inspection du travail a \u00e9t\u00e9 saisie.<\/p>\n<ul class=\"SocialNetworks svelte-bt5901\">\n<li class=\"svelte-bt5901\"><\/li>\n<li class=\"svelte-bt5901\"><\/li>\n<li class=\"svelte-bt5901\"><\/li>\n<li class=\"svelte-bt5901\"><\/li>\n<li class=\"svelte-bt5901\"><\/li>\n<\/ul>\n","protected":false},"excerpt":{"rendered":"L&rsquo;homme a \u00e9t\u00e9 conduit au CHU de Nantes. \u00a9 Radio France &#8211; Morgane Guiomard C\u00e9line Loizeau Publi\u00e9 le&hellip;\n","protected":false},"author":2,"featured_media":346290,"comment_status":"","ping_status":"","sticky":false,"template":"","format":"standard","meta":{"footnotes":""},"categories":[2818],"tags":[1111,11,1777,674,1011,27,766,12,2636,25],"class_list":{"0":"post-346289","1":"post","2":"type-post","3":"status-publish","4":"format-standard","5":"has-post-thumbnail","7":"category-nantes","8":"tag-actu","9":"tag-actualites","10":"tag-eu","11":"tag-europe","12":"tag-fr","13":"tag-france","14":"tag-nantes","15":"tag-news","16":"tag-pays-de-la-loire","17":"tag-republique-francaise"},"share_on_mastodon":{"url":"https:\/\/pubeurope.com\/@fr\/115097701746661686","error":""},"_links":{"self":[{"href":"https:\/\/www.europesays.com\/fr\/wp-json\/wp\/v2\/posts\/346289","targetHints":{"allow":["GET"]}}],"collection":[{"href":"https:\/\/www.europesays.com\/fr\/wp-json\/wp\/v2\/posts"}],"about":[{"href":"https:\/\/www.europesays.com\/fr\/wp-json\/wp\/v2\/types\/post"}],"author":[{"embeddable":true,"href":"https:\/\/www.europesays.com\/fr\/wp-json\/wp\/v2\/users\/2"}],"replies":[{"embeddable":true,"href":"https:\/\/www.europesays.com\/fr\/wp-json\/wp\/v2\/comments?post=346289"}],"version-history":[{"count":0,"href":"https:\/\/www.europesays.com\/fr\/wp-json\/wp\/v2\/posts\/346289\/revisions"}],"wp:featuredmedia":[{"embeddable":true,"href":"https:\/\/www.europesays.com\/fr\/wp-json\/wp\/v2\/media\/346290"}],"wp:attachment":[{"href":"https:\/\/www.europesays.com\/fr\/wp-json\/wp\/v2\/media?parent=346289"}],"wp:term":[{"taxonomy":"category","embeddable":true,"href":"https:\/\/www.europesays.com\/fr\/wp-json\/wp\/v2\/categories?post=346289"},{"taxonomy":"post_tag","embeddable":true,"href":"https:\/\/www.europesays.com\/fr\/wp-json\/wp\/v2\/tags?post=346289"}],"curies":[{"name":"wp","href":"https:\/\/api.w.org\/{rel}","templated":true}]}}