{"id":346295,"date":"2025-08-26T23:40:14","date_gmt":"2025-08-26T23:40:14","guid":{"rendered":"https:\/\/www.europesays.com\/fr\/346295\/"},"modified":"2025-08-26T23:40:14","modified_gmt":"2025-08-26T23:40:14","slug":"2-000-km-a-velo-le-defi-solidaire-de-philippe-sudres","status":"publish","type":"post","link":"https:\/\/www.europesays.com\/fr\/346295\/","title":{"rendered":"2 000 km \u00e0 v\u00e9lo : le d\u00e9fi solidaire de Philippe Sudres"},"content":{"rendered":"<p><img decoding=\"async\" class=\"\" style=\"width:100%\" src=\"https:\/\/www.europesays.com\/fr\/wp-content\/uploads\/2025\/08\/WhatsApp_Image_2025_08_26___16_08_41_3bbe5ec21756220785898.jpg\" alt=\"Philippe Sudres au d\u00e9part de ses 2000 km\"\/><\/p>\n<p>Philippe Sudres au d\u00e9part de ses 2000 km<\/p>\n<p>Cr\u00e9dit : PS<\/p>\n<p>Il a repris la route pour un nouveau d\u00e9fi. Le Lotois Philippe Sudres est parti ce mardi 26 aout depuis Figeac, pour <a href=\"https:\/\/lagrandeboucledessourires.fr\/\" rel=\"noopener\" target=\"_blank\">La grande boucle des sourires<\/a> : parcourir <strong>2 000 km en moins d\u2019un mois \u00e0 travers l\u2019Occitanie<\/strong>. Un p\u00e9riple sportif mais surtout solidaire, destin\u00e9 \u00e0 soutenir l\u2019association <a href=\"https:\/\/www.hopitalsourire.com\/\" rel=\"noopener\" target=\"_blank\"><strong>H\u00f4pital Sourire<\/strong><\/a>, qui f\u00eate cette ann\u00e9e ses 30 ans.<\/p>\n<p>\u00a0<\/p>\n<p>Ancien cadre de la Banque Populaire Occitane (membre fondateur d\u2019H\u00f4pital Sourire avec le CHU de Purpan), Philippe Sudres est engag\u00e9 depuis de nombreuses ann\u00e9es aux c\u00f4t\u00e9s de l\u2019association. Sa mission : <strong>lever des fonds gr\u00e2ce \u00e0 ses exploits cyclistes<\/strong> et mettre en lumi\u00e8re le travail men\u00e9 par les b\u00e9n\u00e9voles aupr\u00e8s des enfants hospitalis\u00e9s et des a\u00een\u00e9s en EHPAD.<\/p>\n<p>\u00ab Mon \u00e9nergie et mon c\u0153ur sont tourn\u00e9s vers un seul objectif : apporter toujours plus de sourire au c\u0153ur de l\u2019h\u00f4pital \u00bb, explique-t-il.<\/p>\n<p>\u00a0<\/p>\n<p><strong>DEJ\u00c0 8.000 KM PARCOURUS POUR LA BONNE CAUSE<\/strong><\/p>\n<p>Ce n\u2019est pas la premi\u00e8re fois que Philippe Sudres enfourche son v\u00e9lo pour H\u00f4pital Sourire. En 2020, il avait r\u00e9alis\u00e9 un <strong>Tour de France de 5.900 km<\/strong>, r\u00e9coltant 12.000 \u20ac de dons. Trois ans plus tard, en 2023, il s\u2019\u00e9tait lanc\u00e9 dans un <strong>Tour d\u2019Occitanie de 2.300 km<\/strong>, qui avait permis de lever 25.000 \u20ac. Ces fonds ont financ\u00e9 un film destin\u00e9 \u00e0 rassurer les enfants avant une op\u00e9ration chirurgicale et le r\u00e9am\u00e9nagement d\u2019une ludoth\u00e8que \u00e0 <a href=\"https:\/\/www.chu-toulouse.fr\/hopital-des-enfants\" rel=\"noopener\" target=\"_blank\">l\u2019h\u00f4pital des enfants de Toulouse<\/a>.<\/p>\n<p>Cette nouvelle exp\u00e9dition aura une saveur particuli\u00e8re. Victime d\u2019un grave accident de v\u00e9lo en 2024, Philippe Sudres ne savait pas s\u2019il pourrait un jour repartir. \u00ab Les m\u00e9decins et les \u00e9quipes soignantes m\u2019ont encourag\u00e9 \u00e0 continuer. Ce p\u00e9riple est aussi une mani\u00e8re de leur rendre hommage \u00bb, confie-t-il.<\/p>\n<p>\u00a0<\/p>\n<p><strong>UNE AVENTURE PARTICULI\u00c8RE APR\u00c8S UN GRAVE ACCIDENT <\/strong><\/p>\n<p>Le cycliste traversera le Lot, les Pyr\u00e9n\u00e9es-Orientales (avec des passages \u00e0 Perpignan et Collioure) puis remontera par le Gers et le Tarn-et-Garonne. Le temps fort de ce parcours aura lieu le <strong>16 septembre \u00e0 Toulouse<\/strong> : une arriv\u00e9e \u00e0 v\u00e9lo devant l\u2019h\u00f4pital des enfants de Purpan, en pr\u00e9sence du professeur Mas et de nombreuses animations pour les jeunes patients.<\/p>\n<p>\u00a0<\/p>\n<p>Les dons r\u00e9colt\u00e9s permettront d\u2019enrichir la ludoth\u00e8que inaugur\u00e9e l\u2019an dernier et de financer de nouvelles animations pour les enfants hospitalis\u00e9s.<\/p>\n<p>Soutenu par deux parrains de renom \u2013 l\u2019ancien rugbyman <strong>Vincent Clerc<\/strong> et <strong>Val\u00e9rie Fillon<\/strong>, marraine tr\u00e8s engag\u00e9e \u2013 le cycliste amateur compte une nouvelle fois sur la cha\u00eene de solidarit\u00e9 des Rotary Clubs et sur la g\u00e9n\u00e9rosit\u00e9 des habitants rencontr\u00e9s tout au long de sa route.<\/p>\n<p>\u00a0<\/p>\n<p><strong><a href=\"https:\/\/lagrandeboucledessourires.fr\/blogs\/soutien\/encouragements\" rel=\"noopener\" target=\"_blank\">Pour des encouragements ou pour les dons, c\u2019est par ici.<\/a><\/strong><\/p>\n<p>\u00a0<\/p>\n","protected":false},"excerpt":{"rendered":"Philippe Sudres au d\u00e9part de ses 2000 km Cr\u00e9dit : PS Il a repris la route pour un&hellip;\n","protected":false},"author":2,"featured_media":346296,"comment_status":"","ping_status":"","sticky":false,"template":"","format":"standard","meta":{"footnotes":""},"categories":[2816],"tags":[48240,1111,11,48239,13135,1719,1777,674,16103,1011,27,100,20064,14643,12,2680,25,48191,2312,208],"class_list":{"0":"post-346295","1":"post","2":"type-post","3":"status-publish","4":"format-standard","5":"has-post-thumbnail","7":"category-toulouse","8":"tag-2000-km","9":"tag-actu","10":"tag-actualites","11":"tag-assoiation","12":"tag-benevole","13":"tag-enfants","14":"tag-eu","15":"tag-europe","16":"tag-fonds","17":"tag-fr","18":"tag-france","19":"tag-hopital","20":"tag-lot","21":"tag-malades","22":"tag-news","23":"tag-occitanie","24":"tag-republique-francaise","25":"tag-sourire","26":"tag-toulouse","27":"tag-velo"},"share_on_mastodon":{"url":"https:\/\/pubeurope.com\/@fr\/115097713025885114","error":""},"_links":{"self":[{"href":"https:\/\/www.europesays.com\/fr\/wp-json\/wp\/v2\/posts\/346295","targetHints":{"allow":["GET"]}}],"collection":[{"href":"https:\/\/www.europesays.com\/fr\/wp-json\/wp\/v2\/posts"}],"about":[{"href":"https:\/\/www.europesays.com\/fr\/wp-json\/wp\/v2\/types\/post"}],"author":[{"embeddable":true,"href":"https:\/\/www.europesays.com\/fr\/wp-json\/wp\/v2\/users\/2"}],"replies":[{"embeddable":true,"href":"https:\/\/www.europesays.com\/fr\/wp-json\/wp\/v2\/comments?post=346295"}],"version-history":[{"count":0,"href":"https:\/\/www.europesays.com\/fr\/wp-json\/wp\/v2\/posts\/346295\/revisions"}],"wp:featuredmedia":[{"embeddable":true,"href":"https:\/\/www.europesays.com\/fr\/wp-json\/wp\/v2\/media\/346296"}],"wp:attachment":[{"href":"https:\/\/www.europesays.com\/fr\/wp-json\/wp\/v2\/media?parent=346295"}],"wp:term":[{"taxonomy":"category","embeddable":true,"href":"https:\/\/www.europesays.com\/fr\/wp-json\/wp\/v2\/categories?post=346295"},{"taxonomy":"post_tag","embeddable":true,"href":"https:\/\/www.europesays.com\/fr\/wp-json\/wp\/v2\/tags?post=346295"}],"curies":[{"name":"wp","href":"https:\/\/api.w.org\/{rel}","templated":true}]}}