{"id":346297,"date":"2025-08-26T23:41:18","date_gmt":"2025-08-26T23:41:18","guid":{"rendered":"https:\/\/www.europesays.com\/fr\/346297\/"},"modified":"2025-08-26T23:41:18","modified_gmt":"2025-08-26T23:41:18","slug":"la-nouvelle-caserne-de-gendarmerie-de-cugnaux-et-villeneuve-tolosane-a-ete-inauguree","status":"publish","type":"post","link":"https:\/\/www.europesays.com\/fr\/346297\/","title":{"rendered":"La nouvelle caserne de gendarmerie de Cugnaux et Villeneuve-Tolosane a \u00e9t\u00e9 inaugur\u00e9e"},"content":{"rendered":"<p>Au sud-ouest de Toulouse, la nouvelle caserne de gendarmerie de Cugnaux et Villeneuve-Tolosane a \u00e9t\u00e9 inaugur\u00e9e en grande pompe ce mardi midi. Apr\u00e8s plus de dix ans d&rsquo;attente, elle h\u00e9berge depuis quelques jours la nouvelle compagnie de Villeneuve-Tolosane.<\/p>\n<p><a class=\"IciLink ici-link IciArticleLink g-ici-body-regular-1 underline brand svelte-lu7k6w\" href=\"https:\/\/www.francebleu.fr\/infos\/societe\/une-caserne-de-gendarmerie-d-envergure-en-construction-au-sud-ouest-de-toulouse-2977762\" rel=\"nofollow noopener\" target=\"_blank\">On vous en a d\u00e9j\u00e0 parl\u00e9 sur\u00a0Ici Occitanie.<\/a>\u00a0Au sud-ouest de Toulouse, une <strong>nouvelle caserne de gendarmerie a \u00e9t\u00e9 inaugur\u00e9e en grande pompe ce mardi midi<\/strong>. Elle h\u00e9berge la nouvelle compagnie de Villeneuve-Tolosane en fonction depuis plusieurs jours d\u00e9j\u00e0.\u00a0Sa particularit\u00e9\u00a0: elle est <strong>\u00e0 cheval sur les communes de Cugnaux et Villeneuve-Tolosane<\/strong>, et couvrira une zone d&rsquo;une trentaine de communes dans l&rsquo;ouest toulousain. La compagnie regroupe les anciennes brigades de Cugnaux, Villeneuve, la caserne de Colomiers et la ex-compagnie de Toulouse Mirail.<\/p>\n<p>La nouvelle caserne a \u00e9t\u00e9 livr\u00e9e avec un an de retard.\u00a0Elle accueille d\u00e9sormais <strong>une centaine de gendarmes<\/strong> et leurs familles sur 20.000 m2\u00a0via un bail emphyt\u00e9otique (tr\u00e8s longue dur\u00e9e). De quoi <strong>doubler la pr\u00e9sence des gendarmes dans cette zone<\/strong>, explique le g\u00e9n\u00e9ral Thibault Lagrange. C&rsquo;est le patron des gendarmes en Occitanie. \u00ab\u00a0Gr\u00e2ce \u00e0 cette nouvelle compagnie, c&rsquo;est 40 militaires de plus qui habitent et vont travailler dans la zone de la compagnie et r\u00e9sider \u00e0 Cugnaux et Villeneuve, participant par l\u00e0 \u00e0 la s\u00e9curit\u00e9, \u00e0 la tranquillit\u00e9 de la population locale.\u00a0\u00bb<\/p>\n<p>La compagnie de Toulouse Mirail d\u00e9m\u00e9nage<\/p>\n<p>Cette nouvelle compagnie est la r\u00e9sultante de plusieurs besoins.\u00a0Volont\u00e9 d&rsquo;abord de la gendarmerie de d\u00e9m\u00e9nager et <strong>replacer la compagnie de Toulouse Mirail jusque-l\u00e0 en zone police au c\u0153ur de son territoire de l&rsquo;ouest toulousain<\/strong>, et en cr\u00e9ant une nouvelle compagnie avec le peloton d&rsquo;intervention de Colomiers, et les brigades de Cugnaux et Villeneuve-Tolosane. La caserne aura mis plus de dix ans \u00e0 sortir de terre mais elle conserve toute sa place dans un nouveau quartier de pr\u00e8s de 400 logements avec bient\u00f4t une \u00e9cole et un coll\u00e8ge.<\/p>\n<p><strong>La caserne se situe au 4 rue du colonel Arnaud Beltrame \u00e0 Villeneuve-Tolosane<\/strong>, en hommage au colonel de gendarmerie mort lors des attentats de Tr\u00e8bes dans l&rsquo;Aude en 2018. L&rsquo;avenir de l&rsquo;ancienne caserne de Toulouse Mirail est en r\u00e9flexion. Elle pourrait accueillir des services de l&rsquo;\u00e9tat major.<\/p>\n","protected":false},"excerpt":{"rendered":"Au sud-ouest de Toulouse, la nouvelle caserne de gendarmerie de Cugnaux et Villeneuve-Tolosane a \u00e9t\u00e9 inaugur\u00e9e en grande&hellip;\n","protected":false},"author":2,"featured_media":346298,"comment_status":"","ping_status":"","sticky":false,"template":"","format":"standard","meta":{"footnotes":""},"categories":[2816],"tags":[1111,11,1777,674,1011,27,12,2680,25,2312],"class_list":{"0":"post-346297","1":"post","2":"type-post","3":"status-publish","4":"format-standard","5":"has-post-thumbnail","7":"category-toulouse","8":"tag-actu","9":"tag-actualites","10":"tag-eu","11":"tag-europe","12":"tag-fr","13":"tag-france","14":"tag-news","15":"tag-occitanie","16":"tag-republique-francaise","17":"tag-toulouse"},"share_on_mastodon":{"url":"https:\/\/pubeurope.com\/@fr\/115097716825031783","error":""},"_links":{"self":[{"href":"https:\/\/www.europesays.com\/fr\/wp-json\/wp\/v2\/posts\/346297","targetHints":{"allow":["GET"]}}],"collection":[{"href":"https:\/\/www.europesays.com\/fr\/wp-json\/wp\/v2\/posts"}],"about":[{"href":"https:\/\/www.europesays.com\/fr\/wp-json\/wp\/v2\/types\/post"}],"author":[{"embeddable":true,"href":"https:\/\/www.europesays.com\/fr\/wp-json\/wp\/v2\/users\/2"}],"replies":[{"embeddable":true,"href":"https:\/\/www.europesays.com\/fr\/wp-json\/wp\/v2\/comments?post=346297"}],"version-history":[{"count":0,"href":"https:\/\/www.europesays.com\/fr\/wp-json\/wp\/v2\/posts\/346297\/revisions"}],"wp:featuredmedia":[{"embeddable":true,"href":"https:\/\/www.europesays.com\/fr\/wp-json\/wp\/v2\/media\/346298"}],"wp:attachment":[{"href":"https:\/\/www.europesays.com\/fr\/wp-json\/wp\/v2\/media?parent=346297"}],"wp:term":[{"taxonomy":"category","embeddable":true,"href":"https:\/\/www.europesays.com\/fr\/wp-json\/wp\/v2\/categories?post=346297"},{"taxonomy":"post_tag","embeddable":true,"href":"https:\/\/www.europesays.com\/fr\/wp-json\/wp\/v2\/tags?post=346297"}],"curies":[{"name":"wp","href":"https:\/\/api.w.org\/{rel}","templated":true}]}}