{"id":346301,"date":"2025-08-26T23:44:16","date_gmt":"2025-08-26T23:44:16","guid":{"rendered":"https:\/\/www.europesays.com\/fr\/346301\/"},"modified":"2025-08-26T23:44:16","modified_gmt":"2025-08-26T23:44:16","slug":"marseille-la-meteo-va-radicalement-changer-des-orages-vont-frapper-les-secteurs-touches","status":"publish","type":"post","link":"https:\/\/www.europesays.com\/fr\/346301\/","title":{"rendered":"Marseille. La m\u00e9t\u00e9o va radicalement changer, des orages vont frapper : les secteurs touch\u00e9s"},"content":{"rendered":"<p>            Par<br \/>\n        <strong><br \/>\n            <a href=\"https:\/\/actu.fr\/auteur\/thibault-nadal-actu-fr\" title=\"Consulter tous les articles de Thibault Nadal\" target=\"_blank\" rel=\"noopener\">Thibault Nadal<\/a><br \/>\n        <\/strong><\/p>\n<p>        Publi\u00e9 le<\/p>\n<p>            26 ao\u00fbt 2025 \u00e0 16h24        <\/p>\n<p>Le d\u00e9but de la semaine laissait penser croire \u00e0 un retour \u00e0 de la chaleur et de temp\u00e9ratures \u00e9lev\u00e9es. Mais <strong>ce n\u2019\u00e9tait que de courte dur\u00e9e<\/strong>\u2009: <a href=\"https:\/\/actu.fr\/marseille\/meteo\" target=\"_blank\" rel=\"noopener\">la m\u00e9t\u00e9o<\/a> s\u2019appr\u00eate \u00e0 changer radicalement sur <a href=\"https:\/\/actu.fr\/marseille\/\" target=\"_blank\" rel=\"noopener\">Marseille<\/a> et <a href=\"https:\/\/actu.fr\/provence-alpes-cote-d-azur\/bouches-du-rhone_13\" target=\"_blank\" rel=\"noopener\">les Bouches-du-Rh\u00f4ne<\/a> dans les prochaines heures.<\/p>\n<p class=\" wall-content\">Voici les pr\u00e9visions.<\/p>\n<p>De la pluie d\u00e8s ce mardi<\/p>\n<p class=\" wall-content\">D\u00e8s ce mardi 26\u00a0ao\u00fbt, le ciel bleu va dispara\u00eetre pour laisser place \u00e0 des nuages et \u00e0 l\u2019arriv\u00e9e de quelques gouttes de pluie sur l\u2019ensemble du d\u00e9partement, selon <a href=\"https:\/\/meteofrance.com\/previsions-meteo-france\/bouches-du-rhone\/13\" target=\"_blank\" rel=\"noopener\">M\u00e9t\u00e9o-France<\/a>.<\/p>\n<p class=\" wall-content\">La journ\u00e9e de mercredi sera, elle, plus contrast\u00e9e avec \u00ab\u2009le grand retour des poussi\u00e8res du Sahara avec <strong>du Sirocco<\/strong>\u2009\u00bb, explique sur ses r\u00e9seaux sociaux Paul Marquis, fondateur de La M\u00e9t\u00e9o du 13. Selon M\u00e9t\u00e9o-France, le temps restera relativement doux avec 27\u00b0C attendus \u00e0 Arles ou 29\u00b0C \u00e0 Marseille.<\/p>\n<p>    <a href=\"https:\/\/www.facebook.com\/plugins\/post.php?href=https%3A%2F%2Fwww.facebook.com%2Flameteodu13%2Fposts%2Fpfbid025Eo9hHDifbuoHVxEm4wJuhQDGYbJJcQVuKxHgAJhDtBmaVW2FMEeAmZj1ZGLqsHml&amp;show_text=true&amp;width=350\" title=\"Ouvrie le lien\" target=\"_blank\" rel=\"noopener\">Cliquez ici pour visualiser le contenu<\/a><\/p>\n<p>La nuit de mercredi \u00e0 jeudi sera la plus \u00ab\u2009difficile\u2009\u00bb<\/p>\n<p class=\" wall-content\">C\u2019est dans la nuit de mercredi \u00e0 jeudi que les Bouches-du-Rh\u00f4ne avec<strong> \u00ab\u2009une d\u00e9gradation orageuse\u2009\u00bb<\/strong>, r\u00e9v\u00e8le le m\u00e9t\u00e9orologue ind\u00e9pendant.<\/p>\n<p class=\" wall-content\"><strong>L\u2019ensemble du d\u00e9partement<\/strong> sera une nouvelle fois touch\u00e9.<\/p>\n<p>Votre r\u00e9gion, votre actu !<\/p>\n<p>Recevez chaque jour les infos qui comptent pour vous.<\/p>\n<p>\t<a href=\"https:\/\/actu.fr\/newsletter\" class=\"ac-btn ac-btn--corner ac-btn--medium ac-btn--blue800\" target=\"_blank\" rel=\"noopener\">S&rsquo;incrire<\/a><\/p>\n<p class=\" wall-content\">La journ\u00e9e de jeudi sera marqu\u00e9e par un risque d\u2019orage dans la matin\u00e9e, avant qu\u2019il se dissipe un peu, surtout sur le littoral. <strong>Seul l\u2019int\u00e9rieur des terres<\/strong> sera concern\u00e9 par ces averses orageuses.<\/p>\n<p class=\" wall-content\">\n<p class=\" wall-content\">Le week-end, lui, sera beaucoup plus doux avec du soleil des Bouches-du-Rh\u00f4ne et <strong>des temp\u00e9ratures en dessous des normales de saison<\/strong>, avec 23\u00b0C en moyenne.<\/p>\n<p class=\" wall-content\">Personnalisez votre actualit\u00e9 en ajoutant vos villes et m\u00e9dias en favori avec <a href=\"https:\/\/moncompte.actu.fr\" title=\"D\u00e9couvez Mon Actu\" rel=\"nofollow noopener\" data-trk=\"{&quot;cta&quot;:{&quot;action&quot;:&quot;https:\\\/\\\/moncompte.actu.fr&quot;,&quot;category&quot;:&quot;mon compte&quot;,&quot;from&quot;:&quot;article footer&quot;,&quot;name&quot;:&quot;Mon actu&quot;,&quot;type&quot;:&quot;cta&quot;}}\" target=\"_blank\">Mon Actu<\/a>.<\/p>\n","protected":false},"excerpt":{"rendered":"Par Thibault Nadal Publi\u00e9 le 26 ao\u00fbt 2025 \u00e0 16h24 Le d\u00e9but de la semaine laissait penser croire&hellip;\n","protected":false},"author":2,"featured_media":346302,"comment_status":"","ping_status":"","sticky":false,"template":"","format":"standard","meta":{"footnotes":""},"categories":[2814],"tags":[1111,11,1777,674,1011,27,884,2487,2357,12,4594,4459,882,25],"class_list":{"0":"post-346301","1":"post","2":"type-post","3":"status-publish","4":"format-standard","5":"has-post-thumbnail","7":"category-marseille","8":"tag-actu","9":"tag-actualites","10":"tag-eu","11":"tag-europe","12":"tag-fr","13":"tag-france","14":"tag-marseille","15":"tag-meteo","16":"tag-meteo-france","17":"tag-news","18":"tag-orages","19":"tag-pluie","20":"tag-provence-alpes-cote-dazur","21":"tag-republique-francaise"},"share_on_mastodon":{"url":"https:\/\/pubeurope.com\/@fr\/115097728686827856","error":""},"_links":{"self":[{"href":"https:\/\/www.europesays.com\/fr\/wp-json\/wp\/v2\/posts\/346301","targetHints":{"allow":["GET"]}}],"collection":[{"href":"https:\/\/www.europesays.com\/fr\/wp-json\/wp\/v2\/posts"}],"about":[{"href":"https:\/\/www.europesays.com\/fr\/wp-json\/wp\/v2\/types\/post"}],"author":[{"embeddable":true,"href":"https:\/\/www.europesays.com\/fr\/wp-json\/wp\/v2\/users\/2"}],"replies":[{"embeddable":true,"href":"https:\/\/www.europesays.com\/fr\/wp-json\/wp\/v2\/comments?post=346301"}],"version-history":[{"count":0,"href":"https:\/\/www.europesays.com\/fr\/wp-json\/wp\/v2\/posts\/346301\/revisions"}],"wp:featuredmedia":[{"embeddable":true,"href":"https:\/\/www.europesays.com\/fr\/wp-json\/wp\/v2\/media\/346302"}],"wp:attachment":[{"href":"https:\/\/www.europesays.com\/fr\/wp-json\/wp\/v2\/media?parent=346301"}],"wp:term":[{"taxonomy":"category","embeddable":true,"href":"https:\/\/www.europesays.com\/fr\/wp-json\/wp\/v2\/categories?post=346301"},{"taxonomy":"post_tag","embeddable":true,"href":"https:\/\/www.europesays.com\/fr\/wp-json\/wp\/v2\/tags?post=346301"}],"curies":[{"name":"wp","href":"https:\/\/api.w.org\/{rel}","templated":true}]}}