{"id":346305,"date":"2025-08-26T23:46:13","date_gmt":"2025-08-26T23:46:13","guid":{"rendered":"https:\/\/www.europesays.com\/fr\/346305\/"},"modified":"2025-08-26T23:46:13","modified_gmt":"2025-08-26T23:46:13","slug":"venissieux-la-prefete-du-rhone-boycotte-linauguration-dun-equipement-nomme-en-lhonneur-dune-militante-du-fln","status":"publish","type":"post","link":"https:\/\/www.europesays.com\/fr\/346305\/","title":{"rendered":"V\u00e9nissieux : la pr\u00e9f\u00e8te du Rh\u00f4ne boycotte l&rsquo;inauguration d&rsquo;un \u00e9quipement nomm\u00e9 en l&rsquo;honneur d&rsquo;une militante du FLN"},"content":{"rendered":"<p>                                            Soci\u00e9t\u00e9\n                                                                            <\/p>\n<p>\n                                            La pr\u00e9f\u00e8te du Rh\u00f4ne, Fabienne Buccio, a indiqu\u00e9 qu\u2019aucun repr\u00e9sentant de l\u2019\u00c9tat ne se rendrait mardi 26 ao\u00fbt \u00e0 l\u2019inauguration d\u2019un nouvel \u00e9quipement polyvalent \u00e0 V\u00e9nissieux. La d\u00e9cision de la municipalit\u00e9 de donner \u00e0 ce lieu le nom d\u2019Annie Steiner, ancienne militante du FLN, est jug\u00e9e \u00ab contestable \u00bb et \u00ab de nature \u00e0 diviser \u00bb.                                        <\/p>\n<p>                                                Publi\u00e9 le 26 ao\u00fbt 2025 \u00e0 16h44                                                                                            <\/p>\n<p>                                            <img loading=\"lazy\" width=\"1024\" height=\"683\" src=\"https:\/\/www.europesays.com\/fr\/wp-content\/uploads\/2025\/08\/SIPA_01179238_000019-1.jpg\" class=\"attachment-post-thumbnail size-post-thumbnail wp-post-image lazy\" alt=\"Un nouvel \u00e9quipement inaugur\u00e9 \u00e0 V\u00e9nissieux porte le nom d\u2019Annie Steiner, figure controvers\u00e9e du FLN, un choix qui a suscit\u00e9 la d\u00e9sapprobation de la pr\u00e9fecture du Rh\u00f4ne. Romain Doucelin\/SIPA\" decoding=\"async\"  data-\/><\/p>\n<p>                                            Un nouvel \u00e9quipement inaugur\u00e9 \u00e0 V\u00e9nissieux porte le nom d\u2019Annie Steiner, figure controvers\u00e9e du FLN, un choix qui a suscit\u00e9 la d\u00e9sapprobation de la pr\u00e9fecture du Rh\u00f4ne. Romain Doucelin\/SIPA<\/p>\n<p>L\u2019inauguration d\u2019un nouvel \u00e9quipement polyvalent \u00e0 V\u00e9nissieux, mardi 26 ao\u00fbt, s\u2019est tenue sans la pr\u00e9sence d\u2019aucun repr\u00e9sentant de l\u2019\u00c9tat. La pr\u00e9f\u00e8te du Rh\u00f4ne, Fabienne Buccio, a choisi de boycotter l\u2019\u00e9v\u00e9nement pour protester contre la d\u00e9cision de baptiser le lieu du nom d\u2019Annie Steiner, une ancienne militante du <a href=\"https:\/\/www.valeursactuelles.com\/politique\/cet-heritage-nous-oblige-le-depute-lfi-aly-diouara-salue-les-combattants-algeriens-du-fln-lors-dune-visite-en-algerie\" target=\"_blank\" rel=\"noopener\">Front de lib\u00e9ration nationale<\/a> (FLN). Dans un communiqu\u00e9, la pr\u00e9fecture explique vouloir \u00ab signifier la d\u00e9sapprobation pleine et enti\u00e8re \u00bb de la pr\u00e9f\u00e8te. \u00ab Ce choix extr\u00eamement contestable de valoriser le nom d\u2019une Fran\u00e7aise militante du Front de Lib\u00e9ration Nationale, complice, \u00e0 l\u2019\u00e9poque, de la lutte arm\u00e9e, est de nature \u00e0 diviser nos concitoyens \u00bb, relaie <a href=\"https:\/\/www.leprogres.fr\/politique\/2025\/08\/26\/la-mairie-de-venissieux-choisit-le-nom-d-une-combattante-du-fln-pour-un-de-ses-equipements-la-prefecture-desapprouve\" rel=\"noopener\" target=\"_blank\">Le Progr\u00e8s<\/a>. L\u2019\u00c9tat rappelle par ailleurs avoir financ\u00e9 ce projet \u00e0 hauteur de 1,7 million d\u2019euros, un b\u00e2timent qui comprend une m\u00e9diath\u00e8que, un espace collaboratif et un lieu destin\u00e9 aux jeunes de 11 \u00e0 17 ans.<\/p>\n<p><a href=\"https:\/\/www.valeursactuelles.com\/monde\/guerre-dalgerie-le-dirigeant-du-fln-larbi-ben-mhidi-a-ete-assassine-par-des-militaires-francais-revele-emmanuel-macron\" class=\"h-flex h-align-items-center h-border-tb h-ptb-15\" target=\"_blank\" rel=\"noopener\">A\u00a0LIRE\u00a0Guerre d\u2019Alg\u00e9rie : le dirigeant du FLN Larbi Ben M\u2019hidi a \u00e9t\u00e9 \u00ab\u00a0assassin\u00e9 par des militaires fran\u00e7ais\u00a0\u00bb r\u00e9v\u00e8le Emmanuel Macron<\/a><\/p>\n<p>Annie Steiner, une figure de la guerre d\u2019Alg\u00e9rie<\/p>\n<p>N\u00e9e en 1928 \u00e0 Oran dans une famille de pieds-noirs, Annie Steiner s\u2019est engag\u00e9e tr\u00e8s t\u00f4t dans le FLN o\u00f9 elle \u00e9tait agente de liaison. Elle a \u00e9t\u00e9 arr\u00eat\u00e9e en 1956 et condamn\u00e9e l\u2019ann\u00e9e suivante \u00e0 cinq ans de prison pour sa participation \u00e0 la lutte ind\u00e9pendantiste. Apr\u00e8s l\u2019ind\u00e9pendance, elle a choisi de rester en Alg\u00e9rie, devenant en 1963 l\u2019une des premi\u00e8res Europ\u00e9ennes \u00e0 obtenir la nationalit\u00e9 alg\u00e9rienne. D\u00e9c\u00e9d\u00e9e en 2021 \u00e0 Alger, elle repose au cimeti\u00e8re chr\u00e9tien d\u2019El-Alia. C\u2019est l\u2019adjointe au maire de V\u00e9nissieux, Sophia Brikh, qui a propos\u00e9 de donner son nom \u00e0 l\u2019\u00e9quipement. \u00ab Annie Steiner est le symbole d\u2019une passerelle entre l\u2019Alg\u00e9rie et la France \u00bb, a-t-elle affirm\u00e9 dans les colonnes du Progr\u00e8s, ajoutant qu\u2019il est important de transmettre cette histoire \u00e0 la jeunesse de la ville.<\/p>\n","protected":false},"excerpt":{"rendered":"Soci\u00e9t\u00e9 La pr\u00e9f\u00e8te du Rh\u00f4ne, Fabienne Buccio, a indiqu\u00e9 qu\u2019aucun repr\u00e9sentant de l\u2019\u00c9tat ne se rendrait mardi 26&hellip;\n","protected":false},"author":2,"featured_media":346306,"comment_status":"","ping_status":"","sticky":false,"template":"","format":"standard","meta":{"footnotes":""},"categories":[1889],"tags":[1111,11,2430,7976,1777,674,48241,1011,27,15646,2428,12,14583,25],"class_list":{"0":"post-346305","1":"post","2":"type-post","3":"status-publish","4":"format-standard","5":"has-post-thumbnail","7":"category-lyon","8":"tag-actu","9":"tag-actualites","10":"tag-auvergne-rhone-alpes","11":"tag-boycott","12":"tag-eu","13":"tag-europe","14":"tag-fln","15":"tag-fr","16":"tag-france","17":"tag-guerre-dalgerie","18":"tag-lyon","19":"tag-news","20":"tag-prefet","21":"tag-republique-francaise"},"share_on_mastodon":{"url":"https:\/\/pubeurope.com\/@fr\/115097736889217865","error":""},"_links":{"self":[{"href":"https:\/\/www.europesays.com\/fr\/wp-json\/wp\/v2\/posts\/346305","targetHints":{"allow":["GET"]}}],"collection":[{"href":"https:\/\/www.europesays.com\/fr\/wp-json\/wp\/v2\/posts"}],"about":[{"href":"https:\/\/www.europesays.com\/fr\/wp-json\/wp\/v2\/types\/post"}],"author":[{"embeddable":true,"href":"https:\/\/www.europesays.com\/fr\/wp-json\/wp\/v2\/users\/2"}],"replies":[{"embeddable":true,"href":"https:\/\/www.europesays.com\/fr\/wp-json\/wp\/v2\/comments?post=346305"}],"version-history":[{"count":0,"href":"https:\/\/www.europesays.com\/fr\/wp-json\/wp\/v2\/posts\/346305\/revisions"}],"wp:featuredmedia":[{"embeddable":true,"href":"https:\/\/www.europesays.com\/fr\/wp-json\/wp\/v2\/media\/346306"}],"wp:attachment":[{"href":"https:\/\/www.europesays.com\/fr\/wp-json\/wp\/v2\/media?parent=346305"}],"wp:term":[{"taxonomy":"category","embeddable":true,"href":"https:\/\/www.europesays.com\/fr\/wp-json\/wp\/v2\/categories?post=346305"},{"taxonomy":"post_tag","embeddable":true,"href":"https:\/\/www.europesays.com\/fr\/wp-json\/wp\/v2\/tags?post=346305"}],"curies":[{"name":"wp","href":"https:\/\/api.w.org\/{rel}","templated":true}]}}