{"id":346311,"date":"2025-08-26T23:51:15","date_gmt":"2025-08-26T23:51:15","guid":{"rendered":"https:\/\/www.europesays.com\/fr\/346311\/"},"modified":"2025-08-26T23:51:15","modified_gmt":"2025-08-26T23:51:15","slug":"paris-fc-metz-les-modalites-billetterie-football-club-de-metz-infos-fc-metz-entrainements-fc-metz","status":"publish","type":"post","link":"https:\/\/www.europesays.com\/fr\/346311\/","title":{"rendered":"Paris FC &#8211; Metz, les modalit\u00e9s billetterie | Football Club de Metz &#8211; Infos FC Metz &#8211; Entra\u00eenements FC Metz"},"content":{"rendered":"<p style=\"text-align: justify;\">Ce dimanche 31 ao\u00fbt,\u00a0<strong>le FC Metz se rendra sur la pelouse du Paris FC,<\/strong>\u00a0dans le cadre de la 3\u00e8me journ\u00e9e de Ligue 1 McDonald&rsquo;s. Le coup d&rsquo;envoi de la rencontre sera donn\u00e9 \u00e0 17h15\u00a0au Stade Jean-Bouin.<\/p>\n<p style=\"text-align: justify;\">\u00c0 cette occasion, le parcage visiteur sera ouvert aux supporters grenat.\u00a0<\/p>\n<p style=\"text-align: justify;\">Pour acqu\u00e9rir\u00a0votre place au tarif unique de 10\u20ac, <strong><a href=\"https:\/\/www.billetterie-fcmetz.com\/\" target=\"_blank\" rel=\"noopener\">rendez-vous sur la billetterie en ligne du FC Metz<\/a><\/strong>, <strong>\u00e0 partir de ce mercredi 27 ao\u00fbt \u00e0 10h00<\/strong>,<b>\u00a0<\/b>afin de r\u00e9server votre contremarque, \u00e0 \u00e9changer lors de votre arriv\u00e9e au stade.<\/p>\n<p style=\"text-align: justify;\">Attention : un point de rendez-vous devrait \u00eatre fix\u00e9 uniquement pour les Ultras !<\/p>\n","protected":false},"excerpt":{"rendered":"Ce dimanche 31 ao\u00fbt,\u00a0le FC Metz se rendra sur la pelouse du Paris FC,\u00a0dans le cadre de la&hellip;\n","protected":false},"author":2,"featured_media":346312,"comment_status":"","ping_status":"","sticky":false,"template":"","format":"standard","meta":{"footnotes":""},"categories":[1888],"tags":[1111,1928,11,1927,19298,1777,674,1011,27,19297,12,1926,626,1925,25,19299],"class_list":{"0":"post-346311","1":"post","2":"type-post","3":"status-publish","4":"format-standard","5":"has-post-thumbnail","7":"category-paris","8":"tag-actu","9":"tag-actu-paris","10":"tag-actualites","11":"tag-actualites-paris","12":"tag-entrainements-fc-metz","13":"tag-eu","14":"tag-europe","15":"tag-fr","16":"tag-france","17":"tag-infos-fc-metz","18":"tag-news","19":"tag-news-paris","20":"tag-paris","21":"tag-paris-news","22":"tag-republique-francaise","23":"tag-videos-fc-metz"},"share_on_mastodon":{"url":"https:\/\/pubeurope.com\/@fr\/115097756175321985","error":""},"_links":{"self":[{"href":"https:\/\/www.europesays.com\/fr\/wp-json\/wp\/v2\/posts\/346311","targetHints":{"allow":["GET"]}}],"collection":[{"href":"https:\/\/www.europesays.com\/fr\/wp-json\/wp\/v2\/posts"}],"about":[{"href":"https:\/\/www.europesays.com\/fr\/wp-json\/wp\/v2\/types\/post"}],"author":[{"embeddable":true,"href":"https:\/\/www.europesays.com\/fr\/wp-json\/wp\/v2\/users\/2"}],"replies":[{"embeddable":true,"href":"https:\/\/www.europesays.com\/fr\/wp-json\/wp\/v2\/comments?post=346311"}],"version-history":[{"count":0,"href":"https:\/\/www.europesays.com\/fr\/wp-json\/wp\/v2\/posts\/346311\/revisions"}],"wp:featuredmedia":[{"embeddable":true,"href":"https:\/\/www.europesays.com\/fr\/wp-json\/wp\/v2\/media\/346312"}],"wp:attachment":[{"href":"https:\/\/www.europesays.com\/fr\/wp-json\/wp\/v2\/media?parent=346311"}],"wp:term":[{"taxonomy":"category","embeddable":true,"href":"https:\/\/www.europesays.com\/fr\/wp-json\/wp\/v2\/categories?post=346311"},{"taxonomy":"post_tag","embeddable":true,"href":"https:\/\/www.europesays.com\/fr\/wp-json\/wp\/v2\/tags?post=346311"}],"curies":[{"name":"wp","href":"https:\/\/api.w.org\/{rel}","templated":true}]}}