{"id":346315,"date":"2025-08-26T23:53:14","date_gmt":"2025-08-26T23:53:14","guid":{"rendered":"https:\/\/www.europesays.com\/fr\/346315\/"},"modified":"2025-08-26T23:53:14","modified_gmt":"2025-08-26T23:53:14","slug":"michel-barnier-ne-pourra-pas-voter-pour-lui-meme-liberation","status":"publish","type":"post","link":"https:\/\/www.europesays.com\/fr\/346315\/","title":{"rendered":"Michel Barnier ne pourra pas voter pour lui-m\u00eame \u2013 Lib\u00e9ration"},"content":{"rendered":"<p class=\"sc-ksZaOG ehjQrN text-element\"><b>Extrait de <\/b><b>Chez Pol, <\/b><b>notre newsletter politique r\u00e9serv\u00e9e \u00e0 nos abonn\u00e9s : <\/b><a href=\"https:\/\/offre.liberation.fr\/chez-pol-mois-offert\" target=\"_blank\" rel=\"noopener\"><b>d<\/b><\/a><a href=\"https:\/\/offre.liberation.fr\/chez-pol-mois-offert\" target=\"_blank\" rel=\"noopener\"><b>\u00e9couvrez-la gratuitement.<\/b><\/a><\/p>\n<p class=\"sc-ksZaOG ehjQrN text-element\">Michel Barnier veut revenir \u00e0 l\u2019Assembl\u00e9e, non pas comme Premier ministre en remplacement du futur ex-Fran\u00e7ois Bayrou mais comme d\u00e9put\u00e9 de Paris. Une l\u00e9gislative anticip\u00e9e dans la 2e circo de Paris qui cristallise d\u00e9j\u00e0 toutes les tensions \u00e0 droite puisque Barnier, investi par LR, devrait y affronter Rachida Dati et le lep\u00e9niste Thierry Mariani.<\/p>\n<p class=\"sc-ksZaOG ehjQrN text-element\">Et le plus dr\u00f4le, c\u2019est que l\u2019ancien Premier ministre ne pourra pas voter lors de ce scrutin qui ressemble de plus en plus \u00e0 une kermesse d\u2019anciens du RPR : Barnier n\u2019est pas inscrit sur les listes \u00e9lectorales de Paris et ne pourra donc pas voter pour sa pomme. On esp\u00e8re donc pour lui que le vote ne se jouera pas \u00e0 une voix pr\u00e8s\u2026<\/p>\n<p class=\"sc-ksZaOG ehjQrN text-element\">\u00abIl a fait le choix de s\u2019inscrire sur la liste \u00e9lectorale de Paris aussit\u00f4t apr\u00e8s son \u00e9lection \u00e0 l\u2019Assembl\u00e9e avant la fin de cette ann\u00e9e, m\u00eame s\u2019il y habite depuis douze ans en famille\u00bb, nous r\u00e9p\u00e8te son entourage en cette rentr\u00e9e, comme il l\u2019avait fait durant l\u2019\u00e9t\u00e9 aupr\u00e8s du <a href=\"https:\/\/newsletter.liberation.fr\/m\/ml\/200138\/548752\/7HeoLwn96O6gPUkRVx5UykiN9O6Kv8NxIclLhdMe8Og=\/S6+H0SQouf36WtshhWzoAKMtcfK-KpXYCiuWAttcmwg=\/wwVOTF9DaGV6X1BvbF9fMjAyNS0wOC0yNg==\" target=\"_blank\" rel=\"noopener\" title=\"https:\/\/newsletter.liberation.fr\/m\/ml\/200138\/548752\/7HeoLwn96O6gPUkRVx5UykiN9O6Kv8NxIclLhdMe8Og=\/S6+H0SQouf36WtshhWzoAKMtcfK-KpXYCiuWAttcmwg=\/wwVOTF9DaGV6X1BvbF9fMjAyNS0wOC0yNg==\">Parisien<\/a>.<\/p>\n<p class=\"sc-ksZaOG ehjQrN text-element\">Pas grave : il n\u2019est pas n\u00e9cessaire d\u2019\u00eatre inscrit sur les listes \u00e9lectorales de son lieu d\u2019\u00e9lection pour se pr\u00e9senter \u00e0 une l\u00e9gislative. On en profite pour rappeler \u00e0 certains d\u00e9put\u00e9s qu\u2019ils sont ainsi des \u00e9lus de la nation, pas juste de leur circonscription.<\/p>\n","protected":false},"excerpt":{"rendered":"Extrait de Chez Pol, notre newsletter politique r\u00e9serv\u00e9e \u00e0 nos abonn\u00e9s : d\u00e9couvrez-la gratuitement. Michel Barnier veut revenir&hellip;\n","protected":false},"author":2,"featured_media":346316,"comment_status":"","ping_status":"","sticky":false,"template":"","format":"standard","meta":{"footnotes":""},"categories":[1888],"tags":[11,1777,674,1011,27,27636,12,626,417,25,39672],"class_list":{"0":"post-346315","1":"post","2":"type-post","3":"status-publish","4":"format-standard","5":"has-post-thumbnail","7":"category-paris","8":"tag-actualites","9":"tag-eu","10":"tag-europe","11":"tag-fr","12":"tag-france","13":"tag-michel-barnier","14":"tag-news","15":"tag-paris","16":"tag-rachida-dati","17":"tag-republique-francaise","18":"tag-thierry-mariani"},"share_on_mastodon":{"url":"https:\/\/pubeurope.com\/@fr\/115097764144437404","error":""},"_links":{"self":[{"href":"https:\/\/www.europesays.com\/fr\/wp-json\/wp\/v2\/posts\/346315","targetHints":{"allow":["GET"]}}],"collection":[{"href":"https:\/\/www.europesays.com\/fr\/wp-json\/wp\/v2\/posts"}],"about":[{"href":"https:\/\/www.europesays.com\/fr\/wp-json\/wp\/v2\/types\/post"}],"author":[{"embeddable":true,"href":"https:\/\/www.europesays.com\/fr\/wp-json\/wp\/v2\/users\/2"}],"replies":[{"embeddable":true,"href":"https:\/\/www.europesays.com\/fr\/wp-json\/wp\/v2\/comments?post=346315"}],"version-history":[{"count":0,"href":"https:\/\/www.europesays.com\/fr\/wp-json\/wp\/v2\/posts\/346315\/revisions"}],"wp:featuredmedia":[{"embeddable":true,"href":"https:\/\/www.europesays.com\/fr\/wp-json\/wp\/v2\/media\/346316"}],"wp:attachment":[{"href":"https:\/\/www.europesays.com\/fr\/wp-json\/wp\/v2\/media?parent=346315"}],"wp:term":[{"taxonomy":"category","embeddable":true,"href":"https:\/\/www.europesays.com\/fr\/wp-json\/wp\/v2\/categories?post=346315"},{"taxonomy":"post_tag","embeddable":true,"href":"https:\/\/www.europesays.com\/fr\/wp-json\/wp\/v2\/tags?post=346315"}],"curies":[{"name":"wp","href":"https:\/\/api.w.org\/{rel}","templated":true}]}}