{"id":34632,"date":"2025-04-18T18:14:16","date_gmt":"2025-04-18T18:14:16","guid":{"rendered":"https:\/\/www.europesays.com\/fr\/34632\/"},"modified":"2025-04-18T18:14:16","modified_gmt":"2025-04-18T18:14:16","slug":"ils-nont-pas-besoin-de-debaucher-nos-joueurs-a-un-age-tres-jeune-laustralie-se-plaint-de-lattitude-des-clubs-francais","status":"publish","type":"post","link":"https:\/\/www.europesays.com\/fr\/34632\/","title":{"rendered":"\u00abIls n\u2019ont pas besoin de d\u00e9baucher nos joueurs \u00e0 un \u00e2ge tr\u00e8s jeune\u00bb, l&rsquo;Australie se plaint de l\u2019attitude des clubs fran\u00e7ais"},"content":{"rendered":"<p>Par la voix de son pr\u00e9sident de f\u00e9d\u00e9ration, l\u2019Australie n\u2019appr\u00e9cie pas l\u2019attitude des clubs du Top 14 ou de Pro D2, qui lorgnent sur des jeunes joueurs australiens.<\/p>\n<p class=\"fig-paragraph\">Pol\u00e9mique \u00e0 venir\u00a0? L&rsquo;Australie s&rsquo;est plaint aupr\u00e8s de\u00a0<a href=\"http:\/\/www.lefigaro.fr\/sports\/rugby\/rugby-world-rugby-ne-voit-pas-de-risques-pour-la-sante-des-joueurs-lors-de-l-utilisation-des-controverses-bancs-avec-sept-avants-20250409\" data-fig-type=\"NewsFlash\" data-gtm-custom-categorie=\"navigation\" data-gtm-custom-action=\"crossclick\" data-gtm-custom-label=\"Contextuel\" data-gtm-event=\"customEventSPE\" data-fig-domain=\"LEFIGARO\" target=\"_blank\" rel=\"noopener\">World Rugby<\/a>\u00a0de clubs fran\u00e7ais fortun\u00e9s cherchant \u00e0 \u00abd\u00e9baucher\u00bb ses jeunes talents, le pr\u00e9sident de la F\u00e9d\u00e9ration nationale Daniel Herbert exhortant m\u00eame l&rsquo;organisme international \u00e0 renforcer ses r\u00e8gles en la mati\u00e8re.<\/p>\n<p class=\"fig-paragraph\">\u00abNotre point de vue est que la France a la capacit\u00e9 de produire ses propres joueurs. Ils n&rsquo;ont pas besoin de d\u00e9baucher nos joueurs \u00e0 un \u00e2ge tr\u00e8s jeune\u00bb, a d\u00e9clar\u00e9 M. Herbert devant des m\u00e9dias australiens jeudi. \u00abIl va donc y avoir des discussions au niveau de World Rugby\u00bb et \u00abil doit y avoir un consensus sur ce qui est permis et ce qui ne l&rsquo;est pas\u00bb, a ajout\u00e9 l&rsquo;ancien rugbyman.<\/p>\n<p>Controverse aliment\u00e9e par la signature de Visesio Kite au Stade rochelais<\/p>\n<p class=\"fig-paragraph\">Selon le quotidien Sydney Morning Herald, plusieurs autres f\u00e9d\u00e9rations ont appel\u00e9 l&rsquo;organisme \u00e0 resserrer ses r\u00e9glementations sur cette question.<\/p>\n<p class=\"fig-paragraph\">Le protocole de World Rugby interdit \u00abl&rsquo;approche non autoris\u00e9e\u00bb et le \u00abd\u00e9bauchage\u00bb de jeunes joueurs, aussi bien \u00e0 l&rsquo;int\u00e9rieur d&rsquo;une f\u00e9d\u00e9ration qu&rsquo;entre elles.<\/p>\n<p class=\"fig-paragraph\">Daniel Herbert a n\u00e9anmoins imput\u00e9 la responsabilit\u00e9 aux clubs fran\u00e7ais eux-m\u00eames, et non \u00e0 la F\u00e9d\u00e9ration fran\u00e7aise de rugby (FFR). \u00abIls travaillent directement avec les agents de joueurs ici\u00bb, affirme-t-il.<\/p>\n<p class=\"fig-paragraph\">La controverse est aliment\u00e9e par la signature en mars de Visesio Kite au Stade rochelais. Le pilier de 16 ans \u00e9voluait auparavant chez les Queensland Reds. Le troisi\u00e8me ligne Heinz Lemoto, \u00e2g\u00e9 de 17 ans, serait \u00e9galement cibl\u00e9 par des \u00e9quipes du Top 14. \u00abNous ne le faisons pas, la plupart des autres pays ne le font pas, et donc c&rsquo;est quelque chose que nous allons porter \u00e0 l&rsquo;attention de World Rugby\u00bb, a-t-il \u00e9galement d\u00e9clar\u00e9.<\/p>\n<p class=\"fig-paragraph\"><strong>\u00c0 VOIR AUSSI &#8211; <\/strong>\u00abC\u2019est l\u2019un des meilleurs entra\u00eeneurs portugais\u00bb, Paulo Fonseca complimente Ruben Amorim avant OL-Manchester United<\/p>\n<p>\u00a0\u00bb<br \/>\n        data-script=\u00a0\u00bbhttps:\/\/static.lefigaro.fr\/widget-video\/short-ttl\/dugout\/index.js\u00a0\u00bb<br \/>\n    &gt;<\/p>\n","protected":false},"excerpt":{"rendered":"Par la voix de son pr\u00e9sident de f\u00e9d\u00e9ration, l\u2019Australie n\u2019appr\u00e9cie pas l\u2019attitude des clubs du Top 14 ou&hellip;\n","protected":false},"author":2,"featured_media":34633,"comment_status":"","ping_status":"","sticky":false,"template":"","format":"standard","meta":{"footnotes":""},"categories":[1416],"tags":[2306,525,2309,1981,2313,1089,451,814,1011,27,955,2308,2311,1980,479,1468,2259,2307,60,478,2310,2312,513],"class_list":{"0":"post-34632","1":"post","2":"type-post","3":"status-publish","4":"format-standard","5":"has-post-thumbnail","7":"category-rugby","8":"tag-6-nations","9":"tag-calendrier","10":"tag-challenge-europeen","11":"tag-classement","12":"tag-clermont","13":"tag-coupe-deurope","14":"tag-coupe-du-monde","15":"tag-direct","16":"tag-fr","17":"tag-france","18":"tag-match","19":"tag-pro-d2","20":"tag-racing","21":"tag-resultats","22":"tag-rugby","23":"tag-rugby-football","24":"tag-score","25":"tag-six-nations","26":"tag-sports","27":"tag-top-14","28":"tag-toulon","29":"tag-toulouse","30":"tag-xv-de-france"},"share_on_mastodon":{"url":"https:\/\/pubeurope.com\/@fr\/114360330679385851","error":""},"_links":{"self":[{"href":"https:\/\/www.europesays.com\/fr\/wp-json\/wp\/v2\/posts\/34632","targetHints":{"allow":["GET"]}}],"collection":[{"href":"https:\/\/www.europesays.com\/fr\/wp-json\/wp\/v2\/posts"}],"about":[{"href":"https:\/\/www.europesays.com\/fr\/wp-json\/wp\/v2\/types\/post"}],"author":[{"embeddable":true,"href":"https:\/\/www.europesays.com\/fr\/wp-json\/wp\/v2\/users\/2"}],"replies":[{"embeddable":true,"href":"https:\/\/www.europesays.com\/fr\/wp-json\/wp\/v2\/comments?post=34632"}],"version-history":[{"count":0,"href":"https:\/\/www.europesays.com\/fr\/wp-json\/wp\/v2\/posts\/34632\/revisions"}],"wp:featuredmedia":[{"embeddable":true,"href":"https:\/\/www.europesays.com\/fr\/wp-json\/wp\/v2\/media\/34633"}],"wp:attachment":[{"href":"https:\/\/www.europesays.com\/fr\/wp-json\/wp\/v2\/media?parent=34632"}],"wp:term":[{"taxonomy":"category","embeddable":true,"href":"https:\/\/www.europesays.com\/fr\/wp-json\/wp\/v2\/categories?post=34632"},{"taxonomy":"post_tag","embeddable":true,"href":"https:\/\/www.europesays.com\/fr\/wp-json\/wp\/v2\/tags?post=34632"}],"curies":[{"name":"wp","href":"https:\/\/api.w.org\/{rel}","templated":true}]}}