{"id":346321,"date":"2025-08-26T23:56:11","date_gmt":"2025-08-26T23:56:11","guid":{"rendered":"https:\/\/www.europesays.com\/fr\/346321\/"},"modified":"2025-08-26T23:56:11","modified_gmt":"2025-08-26T23:56:11","slug":"le-venezuela-renforce-sa-presence-militaire-en-mer-des-caraibes-en-reponse-au-deploiement-americain","status":"publish","type":"post","link":"https:\/\/www.europesays.com\/fr\/346321\/","title":{"rendered":"Le Venezuela renforce sa pr\u00e9sence militaire en mer des Cara\u00efbes en r\u00e9ponse au d\u00e9ploiement am\u00e9ricain"},"content":{"rendered":"<p>                          <img loading=\"lazy\" decoding=\"async\" src=\"https:\/\/www.europesays.com\/fr\/wp-content\/uploads\/2025\/08\/c326de9_upload-1-aerbjcpz4gbo-000-1j29la.jpg\" alt=\"Des fr\u00e9gates de la marine v\u00e9n\u00e9zu\u00e9lienne lors d\u2019un exercice militaire \u00e0 la base navale Mariscal Juan Cristomo Falcon au Venezuela, en juillet\u00a02019.\"   width=\"664\" height=\"443\"\/>    Des fr\u00e9gates de la marine v\u00e9n\u00e9zu\u00e9lienne lors d\u2019un exercice militaire \u00e0 la base navale Mariscal Juan Cristomo Falcon au Venezuela, en juillet\u00a02019.  ZURIMAR CAMPOS\/PR\u00c9SIDENCE V\u00c9N\u00c9ZU\u00c9LIENNE VIA AFP                          <\/p>\n<p class=\"article__paragraph  \">D\u00e9non\u00e7ant une \u00ab\u00a0escalade d\u2019actions hostiles\u00a0\u00bb apr\u00e8s l\u2019envoi par les Etats-Unis de plusieurs b\u00e2timents de guerre dans les Cara\u00efbes au motif de lutter contre le narcotrafic international, le Venezuela a annonc\u00e9, lundi 26\u00a0ao\u00fbt, un renforcement de sa pr\u00e9sence militaire dans la zone.<\/p>\n<p class=\"article__paragraph  \">Le ministre des arm\u00e9es, Vladimir Padrino, a d\u00e9clar\u00e9 dans une vid\u00e9o envoyer des \u00ab\u00a0patrouilles navales dans le golfe du Venezuela et des navires de plus grand tonnage plus au nord dans nos eaux territoriales\u00a0\u00bb, ainsi qu\u2019\u00ab\u00a0un d\u00e9ploiement important de drones avec diff\u00e9rentes missions\u00a0\u00bb.<\/p>\n<p class=\"article__paragraph  \">Le Venezuela avait d\u00e9j\u00e0 annonc\u00e9, lundi, <a href=\"https:\/\/www.lemonde.fr\/international\/article\/2025\/08\/26\/narcotrafic-le-venezuela-annonce-le-deploiement-de-15-000-membres-des-forces-de-securite-a-sa-frontiere-avec-la-colombie_6634948_3210.html\" rel=\"nofollow noopener\" target=\"_blank\">la mobilisation de 15\u00a0000 membres de ses forces de s\u00e9curit\u00e9 \u00e0 la fronti\u00e8re avec la Colombie<\/a> pour des op\u00e9rations antidrogue.<\/p>\n<p>                                       Lire aussi |  <a href=\"https:\/\/www.lemonde.fr\/international\/article\/2025\/08\/19\/face-aux-menaces-americaines-le-president-venezuelien-annonce-le-deploiement-de-4-5-millions-de-miliciens_6631893_3210.html\" class=\"js-article-read-also catcher--favoris__link\" data-premium=\"\" id=\"article-title-3434783\" rel=\"nofollow noopener\" target=\"_blank\">Venezuela\u00a0: Nicolas Maduro annonce le d\u00e9ploiement de 4,5\u00a0millions de miliciens face aux menaces am\u00e9ricaines<\/a>    <\/p>\n<p>   Lire plus tard  <\/p>\n<p>                          Tensions croissantes entre Washington et Caracas                    <\/p>\n<p class=\"article__paragraph  \">De hauts responsables ont assur\u00e9 que leur pays se d\u00e9fendra contre \u00ab\u00a0l\u2019agresseur\u00a0\u00bb am\u00e9ricain. Washington avait annonc\u00e9 la semaine derni\u00e8re le d\u00e9ploiement de trois destroyers lance-missiles de classe Arleigh Burke au large des c\u00f4tes du Venezuela. Mardi, un responsable am\u00e9ricain ayant requis l\u2019anonymat a d\u00e9clar\u00e9, \u00e0 l\u2019Agence France Presse, que Donald Trump a d\u00e9cid\u00e9 de d\u00e9ployer \u00e9galement un croiseur lance-missiles, l\u2019USS Lake Erie, et le sous-marin d\u2019attaque \u00e0 propulsion nucl\u00e9aire USS Newport.<\/p>\n<p class=\"article__paragraph  \">Selon plusieurs m\u00e9dias am\u00e9ricains, le Pentagone pr\u00e9voit \u00e9galement d\u2019envoyer 4\u00a0000 Marines dans les Cara\u00efbes, pr\u00e8s des c\u00f4tes v\u00e9n\u00e9zu\u00e9liennes.<\/p>\n<p>                                       Lire aussi |  <a href=\"https:\/\/www.lemonde.fr\/international\/article\/2025\/08\/21\/donald-trump-depeche-trois-navires-de-guerre-au-large-du-venezuela_6632978_3210.html\" class=\"js-article-read-also catcher--favoris__link\" data-premium=\"\" id=\"article-title-3434987\" rel=\"nofollow noopener\" target=\"_blank\">Donald Trump d\u00e9p\u00eache trois navires de guerre au large du Venezuela dans le cadre de sa lutte contre le trafic de drogue<\/a>    <\/p>\n<p>   Lire plus tard  <\/p>\n<p class=\"article__paragraph  \">Washington et Caracas sont \u00e0 couteaux tir\u00e9s depuis des ann\u00e9es et le nouveau pr\u00e9sident am\u00e9ricain accentue la pression sur son homologue v\u00e9n\u00e9zu\u00e9lien, Nicolas Maduro, dont les Etats-Unis pr\u00e9sid\u00e9s jusqu\u2019en janvier par Joe Biden n\u2019avaient pas reconnu la r\u00e9\u00e9lection en juillet\u00a02024.<\/p>\n<p class=\"article__paragraph  \">Alors que l\u2019administration Trump a doubl\u00e9 d\u00e9but ao\u00fbt <a href=\"https:\/\/www.lemonde.fr\/international\/article\/2025\/08\/08\/les-etats-unis-promettent-une-prime-de-50-millions-de-dollars-pour-l-arrestation-du-president-venezuelien-nicolas-maduro_6627466_3210.html\" rel=\"nofollow noopener\" target=\"_blank\">\u00e0 50\u00a0millions (environ 43\u00a0millions d\u2019euros) de dollars la r\u00e9compense<\/a> offerte pour tout \u00e9l\u00e9ment permettant d\u2019arr\u00eater Nicolas Maduro, accus\u00e9 de diriger un \u00ab\u00a0cartel narcoterroriste\u00a0\u00bb, ce dernier a dit avoir activ\u00e9 \u00ab\u00a0un plan sp\u00e9cial avec plus de 4,5\u00a0millions de miliciens\u00a0\u00bb, d\u00e9non\u00e7ant une tentative de \u00ab\u00a0changement de r\u00e9gime, d\u2019attaque terroriste militaire\u00a0\u00bb.<\/p>\n<p class=\"author__detail\">  Le Monde avec AFP  <\/p>\n<p>                  <a href=\"https:\/\/www.lemonde.fr\/syndication\/\" class=\"reuse__content\" title=\"R\u00e9utiliser ce contenu\" target=\"_blank\" rel=\"nofollow noopener\">R\u00e9utiliser ce contenu<\/a>      <\/p>\n","protected":false},"excerpt":{"rendered":"Des fr\u00e9gates de la marine v\u00e9n\u00e9zu\u00e9lienne lors d\u2019un exercice militaire \u00e0 la base navale Mariscal Juan Cristomo Falcon&hellip;\n","protected":false},"author":2,"featured_media":346322,"comment_status":"","ping_status":"","sticky":false,"template":"","format":"standard","meta":{"footnotes":""},"categories":[1589],"tags":[11,73,1866,12,1864,1865,1863,308],"class_list":{"0":"post-346321","1":"post","2":"type-post","3":"status-publish","4":"format-standard","5":"has-post-thumbnail","7":"category-etats-unis","8":"tag-actualites","9":"tag-etats-unis","10":"tag-etats-unis-damerique","11":"tag-news","12":"tag-united-states","13":"tag-united-states-of-america","14":"tag-us","15":"tag-usa"},"share_on_mastodon":{"url":"https:\/\/pubeurope.com\/@fr\/115097775941637470","error":""},"_links":{"self":[{"href":"https:\/\/www.europesays.com\/fr\/wp-json\/wp\/v2\/posts\/346321","targetHints":{"allow":["GET"]}}],"collection":[{"href":"https:\/\/www.europesays.com\/fr\/wp-json\/wp\/v2\/posts"}],"about":[{"href":"https:\/\/www.europesays.com\/fr\/wp-json\/wp\/v2\/types\/post"}],"author":[{"embeddable":true,"href":"https:\/\/www.europesays.com\/fr\/wp-json\/wp\/v2\/users\/2"}],"replies":[{"embeddable":true,"href":"https:\/\/www.europesays.com\/fr\/wp-json\/wp\/v2\/comments?post=346321"}],"version-history":[{"count":0,"href":"https:\/\/www.europesays.com\/fr\/wp-json\/wp\/v2\/posts\/346321\/revisions"}],"wp:featuredmedia":[{"embeddable":true,"href":"https:\/\/www.europesays.com\/fr\/wp-json\/wp\/v2\/media\/346322"}],"wp:attachment":[{"href":"https:\/\/www.europesays.com\/fr\/wp-json\/wp\/v2\/media?parent=346321"}],"wp:term":[{"taxonomy":"category","embeddable":true,"href":"https:\/\/www.europesays.com\/fr\/wp-json\/wp\/v2\/categories?post=346321"},{"taxonomy":"post_tag","embeddable":true,"href":"https:\/\/www.europesays.com\/fr\/wp-json\/wp\/v2\/tags?post=346321"}],"curies":[{"name":"wp","href":"https:\/\/api.w.org\/{rel}","templated":true}]}}