{"id":346323,"date":"2025-08-26T23:57:16","date_gmt":"2025-08-26T23:57:16","guid":{"rendered":"https:\/\/www.europesays.com\/fr\/346323\/"},"modified":"2025-08-26T23:57:16","modified_gmt":"2025-08-26T23:57:16","slug":"royaume-uni-farage-defie-starmer-avec-un-plan-choc-anti-immigration-illegale","status":"publish","type":"post","link":"https:\/\/www.europesays.com\/fr\/346323\/","title":{"rendered":"Royaume-Uni\u00a0: Farage d\u00e9fie Starmer avec un plan choc anti-immigration ill\u00e9gale"},"content":{"rendered":"<p>Nigel Farage tape fort. Ce 26 ao\u00fbt, l\u2019artisan du Brexit et actuel leader du parti Reform UK a prononc\u00e9 un discours percutant, \u00e0 Londres, proposant une refonte radicale de la politique migratoire britannique. Face \u00e0 une opinion publique de plus en plus pr\u00e9occup\u00e9e par l\u2019immigration ill\u00e9gale, exacerb\u00e9e par des manifestations anti-immigration \u00e0 travers le Royaume-Uni, Farage a d\u00e9voil\u00e9 un plan audacieux visant \u00e0 d\u00e9porter jusqu\u2019\u00e0 600.000 demandeurs d\u2019asile en cas de victoire \u00e9lectorale. Ce discours, qui s\u2019inscrit en opposition frontale <a href=\"https:\/\/www.bvoltaire.fr\/royaume-uni-nous-risquons-de-devenir-une-ile-detrangers-declare-keir-starmer\/\" target=\"_blank\" rel=\"noopener nofollow\">aux mesures jug\u00e9es timor\u00e9es de Keir Starmer<\/a>, promet une sortie de la Convention europ\u00e9enne des droits de l\u2019homme (CEDH) et l\u2019abrogation des lois prot\u00e9geant les droits de l&rsquo;homme pour faciliter des expulsions massives.<\/p>\n<blockquote class=\"twitter-tweet\">\n<p dir=\"ltr\" lang=\"en\">There is only one way to stop people coming into Britain illegally.<\/p>\n<p>We must to detain and deport them.<\/p>\n<p>It\u2019s time for bold action. <a href=\"https:\/\/t.co\/k3sW36813g\" rel=\"nofollow\">pic.twitter.com\/k3sW36813g<\/a><\/p>\n<p>\u2014 Nigel Farage MP (@Nigel_Farage) <a href=\"https:\/\/twitter.com\/Nigel_Farage\/status\/1960299236278337763?ref_src=twsrc%5Etfw\" rel=\"nofollow noopener\" target=\"_blank\">August 26, 2025<\/a><\/p>\n<\/blockquote>\n<p>Un plan de renvois massifs<\/p>\n<p>Farage propose une politique draconienne : tout migrant arrivant ill\u00e9galement par bateau serait arr\u00eat\u00e9, plac\u00e9 en d\u00e9tention dans des bases de la RAF et renvoy\u00e9 sous 30 jours, sans droit \u00e0 demander l\u2019asile. Selon lui, ce plan, qui inclut cinq vols de retour par jour et une capacit\u00e9 de d\u00e9tention de 24.000 personnes, co\u00fbterait 10 milliards de livres mais permettrait d\u2019\u00e9conomiser 7 milliards sur cinq ans. Il envisage des accords avec des pays comme l\u2019Afghanistan ou l\u2019\u00c9rythr\u00e9e pour le retour des migrants, et m\u00eame l\u2019utilisation de territoires britanniques telle l\u2019\u00eele de l\u2019Ascension comme solution de repli. Le leader de Reform UK justifie cette fermet\u00e9 par la n\u00e9cessit\u00e9 de prot\u00e9ger la s\u00e9curit\u00e9 nationale, affirmant que \u00ab la s\u00e9curit\u00e9 des femmes et des enfants britanniques \u00bb prime sur les obligations internationales. <\/p>\n<p>Toutefois, cette approche suscite de vives critiques. Les experts juridiques, dont George Peretz KC, pr\u00e9sident des avocats et membre du Parti travailliste, <a href=\"https:\/\/www.theguardian.com\/politics\/2025\/aug\/26\/nigel-farage-plan-deport-asylum-seekers-scorn-from-legal-experts\" target=\"_blank\" rel=\"noopener nofollow\">d\u00e9noncent<\/a> un plan \u00ab d\u00e9connect\u00e9 de la r\u00e9alit\u00e9 \u00bb, arguant que m\u00eame sans la CEDH, le droit commun britannique pourrait bloquer ces d\u00e9portations. Le pr\u00e9c\u00e9dent du projet de remigration vers le Rwanda, jug\u00e9 ill\u00e9gal en 2023, illustre les obstacles juridiques sur lesquels se brise tout plan anti-migratoire ambitieux.<\/p>\n<p>Une r\u00e9ponse \u00e0 l\u2019inaction du travailliste Starmer<\/p>\n<p>Face \u00e0 l\u2019inaction per\u00e7ue du gouvernement travailliste, Farage positionne Reform UK comme la seule force capable de r\u00e9pondre \u00e0 la \u00ab crise massive \u00bb migratoire. Avec <a href=\"https:\/\/www.infomigrants.net\/fr\/post\/66519\/royaumeuni--111-000-demandeurs-dasile-enregistres-en-un-an-un-record-depuis-plus-de-vingt-ans\" target=\"_blank\" rel=\"noopener nofollow\">111.000 demandes d\u2019asile<\/a> enregistr\u00e9es en un an et 28.288 arriv\u00e9es par bateau en 2025, l\u2019opinion publique, selon les sondages, place d\u00e9sormais l\u2019immigration au-dessus de l\u2019\u00e9conomie comme pr\u00e9occupation principale. Farage critique le plan de Starmer, qui promet de \u00ab briser \u00bb les r\u00e9seaux de passeurs et d\u2019acc\u00e9l\u00e9rer les recours d\u2019asile, comme un \u00ab gadget \u00bb inefficace. <\/p>\n<p>Le succ\u00e8s de Farage dans les sondages est incontestable. Leader populaire, le d\u00e9put\u00e9 est per\u00e7u par 45\u00a0% des Britanniques comme proche de leurs pr\u00e9occupations. Le Premier ministre en exercice, lui, ne fait que chuter, avec son parti. La gauche britannique conna\u00eet un taux d\u2019intentions de vote (25 %) historiquement bas et un taux de m\u00e9contentement au plus haut (73 \u00e0 76 %), d\u2019apr\u00e8s une <a href=\"https:\/\/www.ipsos.com\/en-uk\/reforms-ipsos-record-9-point-lead-over-labour-public-satisfaction-government-nears-lowest-point\" target=\"_blank\" rel=\"noopener nofollow\">r\u00e9cente \u00e9tude de l\u2019Ipsos<\/a>. En proposant un plan anti-immigration ferme, Nigel Farage exploite habilement la frustration populaire et le vide laiss\u00e9 par un gouvernement per\u00e7u comme d\u00e9pass\u00e9. Alors que Reform UK domine les sondages, son discours du 26 ao\u00fbt pourrait bien marquer un tournant pour l\u2019histoire de son parti.<\/p>\n<p>                    <a href=\"#\" rel=\"nofollow\" onclick=\"window.print(); pfTrackEvent('Royaume-Uni\u00a0: Farage d\u00e9fie Starmer avec un plan choc anti-immigration ill\u00e9gale'); return false;\" title=\"Printer Friendly, PDF &amp; Email\"><br \/>\n                    <img decoding=\"async\" src=\"https:\/\/www.europesays.com\/fr\/wp-content\/uploads\/2025\/04\/printfriendly-icon-sm.png\" alt=\"Print Friendly, PDF &amp; Email\" class=\"pf-button-img\" style=\"width: 17px;height: 17px;\"\/>Imprimer, enregistrer en PDF cet article<br \/>\n                    <\/a><br \/>\n                <script async src=\"https:\/\/platform.twitter.com\/widgets.js\" charset=\"utf-8\"><\/script><\/p>\n","protected":false},"excerpt":{"rendered":"Nigel Farage tape fort. Ce 26 ao\u00fbt, l\u2019artisan du Brexit et actuel leader du parti Reform UK a&hellip;\n","protected":false},"author":2,"featured_media":346324,"comment_status":"","ping_status":"","sticky":false,"template":"","format":"standard","meta":{"footnotes":""},"categories":[1588],"tags":[11,1777,674,12,473,1853,1851,1850,1852],"class_list":{"0":"post-346323","1":"post","2":"type-post","3":"status-publish","4":"format-standard","5":"has-post-thumbnail","7":"category-royaume-uni","8":"tag-actualites","9":"tag-eu","10":"tag-europe","11":"tag-news","12":"tag-royaume-uni","13":"tag-royaume-uni-de-grande-bretagne-et-dirlande-du-nord","14":"tag-uk","15":"tag-united-kingdom","16":"tag-united-kingdom-of-great-britain-and-northern-ireland"},"share_on_mastodon":{"url":"https:\/\/pubeurope.com\/@fr\/115097779900276928","error":""},"_links":{"self":[{"href":"https:\/\/www.europesays.com\/fr\/wp-json\/wp\/v2\/posts\/346323","targetHints":{"allow":["GET"]}}],"collection":[{"href":"https:\/\/www.europesays.com\/fr\/wp-json\/wp\/v2\/posts"}],"about":[{"href":"https:\/\/www.europesays.com\/fr\/wp-json\/wp\/v2\/types\/post"}],"author":[{"embeddable":true,"href":"https:\/\/www.europesays.com\/fr\/wp-json\/wp\/v2\/users\/2"}],"replies":[{"embeddable":true,"href":"https:\/\/www.europesays.com\/fr\/wp-json\/wp\/v2\/comments?post=346323"}],"version-history":[{"count":0,"href":"https:\/\/www.europesays.com\/fr\/wp-json\/wp\/v2\/posts\/346323\/revisions"}],"wp:featuredmedia":[{"embeddable":true,"href":"https:\/\/www.europesays.com\/fr\/wp-json\/wp\/v2\/media\/346324"}],"wp:attachment":[{"href":"https:\/\/www.europesays.com\/fr\/wp-json\/wp\/v2\/media?parent=346323"}],"wp:term":[{"taxonomy":"category","embeddable":true,"href":"https:\/\/www.europesays.com\/fr\/wp-json\/wp\/v2\/categories?post=346323"},{"taxonomy":"post_tag","embeddable":true,"href":"https:\/\/www.europesays.com\/fr\/wp-json\/wp\/v2\/tags?post=346323"}],"curies":[{"name":"wp","href":"https:\/\/api.w.org\/{rel}","templated":true}]}}