{"id":346326,"date":"2025-08-26T23:59:14","date_gmt":"2025-08-26T23:59:14","guid":{"rendered":"https:\/\/www.europesays.com\/fr\/346326\/"},"modified":"2025-08-26T23:59:14","modified_gmt":"2025-08-26T23:59:14","slug":"trump-braquage-sur-leurope","status":"publish","type":"post","link":"https:\/\/www.europesays.com\/fr\/346326\/","title":{"rendered":"Trump : braquage sur l\u2019Europe !"},"content":{"rendered":"<p>Les calculs font froid dans le dos\u2026 Pr\u00e8s de 1 000 milliards de dollars. Le pr\u00e9sident Trump appelle cela s\u00fbrement l\u2019<a href=\"https:\/\/www.amazon.fr\/Trump-Art-Deal-Donald-J\/dp\/0399594493\" target=\"_blank\" rel=\"nofollow noopener\">Art du deal (<\/a>titre de son livre de management paru en 2015). On serait plut\u00f4t tent\u00e9 d\u2019appeler cela un hold-up puisque c\u2019est le montant que l\u2019Europe s\u2019appr\u00eate \u00e0 payer chaque ann\u00e9e en plus aux \u00c9tats-Unis.<\/p>\n<p><a href=\"https:\/\/www.valeursactuelles.com\/politique\/droits-de-douane-americains-lue-paillasson-economique-des-etats-unis-manque-de-courage-les-lecteurs-indignes-de-la-soumission-europeenne\" class=\"h-flex h-align-items-center h-border-tb h-ptb-15\" target=\"_blank\" rel=\"noopener\">A\u00a0LIRE\u00a0Droits de douane am\u00e9ricains : \u00ab L\u2019UE, paillasson \u00e9conomique des \u00c9tats-Unis \u00bb, \u00ab\u00a0manque de courage \u00bb\u2026 les lecteurs indign\u00e9s de la soumission europ\u00e9enne<\/a><\/p>\n<p>Progressivement, on commence \u00e0 appr\u00e9hender ce que les <a href=\"https:\/\/www.touteleurope.eu\/economie-et-social\/quels-sont-les-droits-de-douane-imposes-par-les-etats-unis-a-l-ue-et-au-reste-du-monde\/\" target=\"_blank\" rel=\"nofollow noopener\">droits de douane <\/a>am\u00e9ricains vont co\u00fbter \u00e0 l\u2019Europe. Vraisemblablement plus de 100 milliards de dollars ! L\u2019objectif d\u00e9fendu par Donald Trump est de r\u00e9\u00e9quilibrer une balance commerciale d\u00e9ficitaire. Si le pr\u00e9sident am\u00e9ricain se r\u00e9fugie derri\u00e8re le chiffre de 300 milliards de dollars avec l\u2019Europe, dans les faits, le d\u00e9ficit serait plut\u00f4t de 48 milliards selon le site <a href=\"https:\/\/www.touteleurope.eu\/\" target=\"_blank\" rel=\"nofollow noopener\">touteleurope.eu<\/a>. La Commission europ\u00e9enne a ainsi calcul\u00e9 qu\u2019en 2023, il y avait eu 822 milliards d\u2019exportations europ\u00e9ennes aux \u00c9tats-Unis contre 774 milliards import\u00e9s en Europe en provenance de l\u2019autre c\u00f4t\u00e9 de l\u2019Atlantique. Donald Trump a donc d\u00e9cid\u00e9 d\u2019imposer un taux de 15 % sur quasiment toutes les importations europ\u00e9ennes en provenance du Vieux Continent. En appliquant ce taux aux 822 milliards import\u00e9s aux \u00c9tats-Unis, on obtient un montant de 125 milliards d\u2019euros.<\/p>\n<p>Ce n\u2019est toutefois qu\u2019une (petite) partie de l\u2019accord. Celui-ci est, en effet, assorti de plusieurs clauses qui vont co\u00fbter extr\u00eamement cher \u00e0 l\u2019Europe. Il y a, en premier lieu, la promesse faite par la <a href=\"https:\/\/commission.europa.eu\/index_fr\" target=\"_blank\" rel=\"nofollow noopener\">Commission europ\u00e9enne<\/a> d\u2019acheter 750 milliards d\u2019hydrocarbures (principalement du p\u00e9trole, du gaz naturel liqu\u00e9fi\u00e9 et du combustible nucl\u00e9aire) aux \u00c9tats-Unis sur une p\u00e9riode de trois ans. Cela donne un montant annuel de 250 milliards de dollars ; l\u2019Europe va ainsi pouvoir se passer de faire appel \u00e0 la Russie pour ses importations de gaz.<\/p>\n<p>Ne faudrait pas oublier tout ce qui concerne le volet d\u00e9fense<\/p>\n<p>Autre mesure pr\u00e9sente dans l\u2019accord (l\u00e9onin), l\u2019obligation faite \u00e0 l\u2019Europe d\u2019investir, d\u2019ici \u00e0 2028, 600 milliards de dollars dans des secteurs qualifi\u00e9s de strat\u00e9giques aux \u00c9tats-Unis, soit un montant annuel de 200 milliards. Autant d\u2019argent qui ne sera pas investi par les grands groupes europ\u00e9ens sur le Vieux Continent, et qui viendra s\u2019ajouter aux 200 milliards d\u2019investissements directs r\u00e9alis\u00e9s outre-Atlantique par l\u2019Europe chaque ann\u00e9e (chiffre de 2024).<\/p>\n<p><a href=\"https:\/\/www.valeursactuelles.com\/monde\/nous-navons-pas-ete-assez-craints-emmanuel-macron-estime-que-laccord-sur-les-droits-de-douane-est-une-premiere-etape\" class=\"h-flex h-align-items-center h-border-tb h-ptb-15\" target=\"_blank\" rel=\"noopener\">A\u00a0LIRE\u00a0\u00ab Nous n\u2019avons pas \u00e9t\u00e9 assez craints \u00bb : Emmanuel Macron estime que l\u2019accord sur les droits de douane est \u00ab une premi\u00e8re \u00e9tape \u00bb<\/a><\/p>\n<p>\u00c0 c\u00f4t\u00e9 de cela, il ne faudrait pas oublier tout ce qui concerne le volet d\u00e9fense. En r\u00e9sum\u00e9, on peut affirmer que l\u2019Europe finance (en partie) l\u2019industrie am\u00e9ricaine de d\u00e9fense. Et ce, avant m\u00eame le plan d\u2019Ursula von der Leyen qui vise \u00e0 augmenter les d\u00e9penses militaires de 500 milliards d\u2019euros sur dix ans. En fait, l\u2019Europe le fait d\u00e9j\u00e0 de mani\u00e8re directe. En 2022, le Vieux Continent a acquis pour 100 milliards d\u2019armement aux \u00c9tats-Unis. \u00ab Les exportations d\u2019armes am\u00e9ricaines vers les \u00c9tats europ\u00e9ens ont plus que tripl\u00e9 (+233 %) entre 2015-2019 et 2020-2024, explique le <a href=\"https:\/\/www.sipri.org\/\" target=\"_blank\" rel=\"nofollow noopener\">Sipri<\/a> (institut national de recherche sur la paix de Stockholm). Pour la premi\u00e8re fois en deux d\u00e9cennies (c\u2019est-\u00e0-dire depuis 2000-2004), la plus grande part des exportations d\u2019armes am\u00e9ricaines a \u00e9t\u00e9 destin\u00e9e \u00e0 l\u2019Europe, passant de 13 % en 2015-2019 \u00e0 35 % en 2020-2024. \u00bb On trouve parmi les 10 premiers pays acqu\u00e9reurs d\u2019armement am\u00e9ricain, l\u2019Ukraine, le Royaume-Uni, les Pays-Bas et la Norv\u00e8ge.<\/p>\n<p><a href=\"https:\/\/www.valeursactuelles.com\/monde\/droits-de-douane-entre-les-etats-unis-et-lunion-europeenne-dans-le-contexte-actuel-il-sagit-dun-bon-accord-defend-bernard-arnault\" class=\"h-flex h-align-items-center h-border-tb h-ptb-15\" target=\"_blank\" rel=\"noopener\">A\u00a0LIRE\u00a0Droits de douane entre les \u00c9tats-Unis et l\u2019Union europ\u00e9enne : \u00ab Dans le contexte actuel, il s\u2019agit d\u2019un bon accord \u00bb, d\u00e9fend Bernard Arnault<\/a><\/p>\n<p>Mais l\u2019Europe finance aussi l\u2019industrie am\u00e9ricaine indirectement par le biais de la guerre russo-ukrainienne. Lors de la derni\u00e8re r\u00e9union \u00e0 Washington entre le pr\u00e9sident Trump et Volodymyr Zelensky, il a \u00e9t\u00e9 dit qu\u2019un montant de 100 milliards de dollars, pr\u00eat\u00e9 par l\u2019Europe, serait investi pour acheter des \u00e9quipements militaires am\u00e9ricains.<\/p>\n<p>\u00a0<\/p>\n","protected":false},"excerpt":{"rendered":"Les calculs font froid dans le dos\u2026 Pr\u00e8s de 1 000 milliards de dollars. Le pr\u00e9sident Trump appelle&hellip;\n","protected":false},"author":2,"featured_media":346327,"comment_status":"","ping_status":"","sticky":false,"template":"","format":"standard","meta":{"footnotes":""},"categories":[1586],"tags":[11,1924,75,33742,1777,674,1011,27,843,16233,2554,12,844,25,2544],"class_list":{"0":"post-346326","1":"post","2":"type-post","3":"status-publish","4":"format-standard","5":"has-post-thumbnail","7":"category-europe","8":"tag-actualites","9":"tag-armement","10":"tag-donald-trump","11":"tag-droits-de-douane-americains","12":"tag-eu","13":"tag-europe","14":"tag-fr","15":"tag-france","16":"tag-gaz","17":"tag-gaz-de-schiste","18":"tag-investissements","19":"tag-news","20":"tag-petrole","21":"tag-republique-francaise","22":"tag-ursula-von-der-leyen"},"share_on_mastodon":{"url":"https:\/\/pubeurope.com\/@fr\/115097787754551795","error":""},"_links":{"self":[{"href":"https:\/\/www.europesays.com\/fr\/wp-json\/wp\/v2\/posts\/346326","targetHints":{"allow":["GET"]}}],"collection":[{"href":"https:\/\/www.europesays.com\/fr\/wp-json\/wp\/v2\/posts"}],"about":[{"href":"https:\/\/www.europesays.com\/fr\/wp-json\/wp\/v2\/types\/post"}],"author":[{"embeddable":true,"href":"https:\/\/www.europesays.com\/fr\/wp-json\/wp\/v2\/users\/2"}],"replies":[{"embeddable":true,"href":"https:\/\/www.europesays.com\/fr\/wp-json\/wp\/v2\/comments?post=346326"}],"version-history":[{"count":0,"href":"https:\/\/www.europesays.com\/fr\/wp-json\/wp\/v2\/posts\/346326\/revisions"}],"wp:featuredmedia":[{"embeddable":true,"href":"https:\/\/www.europesays.com\/fr\/wp-json\/wp\/v2\/media\/346327"}],"wp:attachment":[{"href":"https:\/\/www.europesays.com\/fr\/wp-json\/wp\/v2\/media?parent=346326"}],"wp:term":[{"taxonomy":"category","embeddable":true,"href":"https:\/\/www.europesays.com\/fr\/wp-json\/wp\/v2\/categories?post=346326"},{"taxonomy":"post_tag","embeddable":true,"href":"https:\/\/www.europesays.com\/fr\/wp-json\/wp\/v2\/tags?post=346326"}],"curies":[{"name":"wp","href":"https:\/\/api.w.org\/{rel}","templated":true}]}}