{"id":346328,"date":"2025-08-27T00:00:10","date_gmt":"2025-08-27T00:00:10","guid":{"rendered":"https:\/\/www.europesays.com\/fr\/346328\/"},"modified":"2025-08-27T00:00:10","modified_gmt":"2025-08-27T00:00:10","slug":"dominic-leblanc-a-eu-une-reunion-constructive-avec-howard-lutnick-a-washington","status":"publish","type":"post","link":"https:\/\/www.europesays.com\/fr\/346328\/","title":{"rendered":"Dominic LeBlanc a eu une r\u00e9union constructive avec Howard Lutnick \u00e0 Washington"},"content":{"rendered":"<p>Le bureau de M. LeBlanc a qualifi\u00e9 la r\u00e9union, \u00e0 laquelle participait \u00e9galement l&rsquo;ambassadrice du Canada aux \u00c9tats-Unis, Kirsten Hillman, de longue et constructive. Le chef de cabinet de M. Carney, Marc-Andr\u00e9 Blanchard, est \u00e9galement pr\u00e9sent dans la capitale am\u00e9ricaine cette semaine.<\/p>\n<p>Cette rencontre survient \u00e0 la suite de l&rsquo;annonce faite vendredi dernier par le premier ministre Mark Carney que le Canada supprimera certains droits de douane de r\u00e9torsion sur les produits am\u00e9ricains afin d&rsquo;\u00e9galer les exemptions tarifaires am\u00e9ricaines sur les marchandises couvertes par l&rsquo;Accord Canada\u2013\u00c9tats-Unis\u2013Mexique (ACEUM).<\/p>\n<p>Le Canada a impos\u00e9 des droits de douane de 25 % sur une longue liste de produits am\u00e9ricains en mars, notamment les oranges, l&rsquo;alcool, les motocyclettes et les cosm\u00e9tiques. L&rsquo;exemption du Canada \u00e0 l&rsquo;ACEUM pour les importations am\u00e9ricaines entrera en vigueur le 1er septembre.<\/p>\n<p>M. LeBlanc a indiqu\u00e9 que les droits de douane canadiens constituaient un important point de discorde avec l&rsquo;administration Trump dans le cadre des n\u00e9gociations sur une nouvelle relation \u00e9conomique et s\u00e9curitaire.<\/p>\n<p>Les droits de douane canadiens sur l&rsquo;acier, l&rsquo;aluminium et l&rsquo;automobile seront maintenus. Ceux sur les automobiles sont g\u00e9n\u00e9ralement align\u00e9s sur ceux des \u00c9tats-Unis. Les droits de douane sur l&rsquo;acier et l&rsquo;aluminium demeurent \u00e0 25 %, malgr\u00e9 l&rsquo;augmentation du taux par les \u00c9tats-Unis \u00e0 50 % en juin.<\/p>\n<p>Il a pr\u00e9cis\u00e9 que l&rsquo;objectif est de parvenir \u00e0 un accord bilat\u00e9ral qui all\u00e9gerait la pression exerc\u00e9e par les droits de douane sectoriels am\u00e9ricains sur des secteurs comme l&rsquo;acier, l&rsquo;aluminium et l&rsquo;automobile, en pr\u00e9vision du prochain examen de l&rsquo;ACEUM.<\/p>\n<p>\n                \u00a0<\/p>\n<p>D\u00e9but ao\u00fbt, Donald Trump a port\u00e9 les droits de douane sur le Canada \u00e0 35 %, la Maison-Blanche affirmant que le flux de fentanyl et les droits de douane de r\u00e9torsion \u00e9taient \u00e0 l&rsquo;origine de cette augmentation. Ces droits de douane ne s&rsquo;appliquent pas aux marchandises conformes \u00e0 l&rsquo;ACEUM.<\/p>\n<p>Mardi, M. Carney \u00e9tait dans la capitale lettone et a r\u00e9p\u00e9t\u00e9 que 85 % des produits canadiens demeurent exempts de droits de douane et qu&rsquo;Ottawa se concentrait sur les secteurs cl\u00e9s frapp\u00e9s les mesures tarifaires de Donald Trump: l&rsquo;acier, l&rsquo;aluminium, l&rsquo;automobile, le cuivre et le bois d&rsquo;\u0153uvre.<\/p>\n<p>\u00abCe sont les domaines dans lesquels nous nous effor\u00e7ons imm\u00e9diatement d&rsquo;am\u00e9liorer les r\u00e9sultats, si possible\u00bb, a d\u00e9clar\u00e9 M. Carney \u00e0 Riga lors d&rsquo;une conf\u00e9rence de presse avec la premi\u00e8re ministre lettone Evika Sili\u0146a. \u00abEt pour y parvenir (\u2026) nous devrons envisager d&rsquo;autres domaines o\u00f9 nous pouvons instaurer une coop\u00e9ration mutuellement avantageuse.\u00bb<\/p>\n<p>M. LeBlanc est en discussion avec les Am\u00e9ricains au sujet d&rsquo;un \u00abensemble de mesures\u00bb pouvant inclure des opportunit\u00e9s d&rsquo;investissement dans des secteurs comme la d\u00e9fense et la s\u00e9curit\u00e9, qui pourraient s&rsquo;accompagner d&rsquo;un all\u00e8gement tarifaire pour les secteurs canadiens.<\/p>\n<p>Donald Trump n&rsquo;a pas sembl\u00e9 dispos\u00e9 \u00e0 abandonner son r\u00e9gime tarifaire mondial. Lors d&rsquo;une r\u00e9union marathon du cabinet \u2014 qui s&rsquo;est d\u00e9roul\u00e9e mardi devant des journalistes pendant plus de trois heures \u2014, M. Trump a r\u00e9p\u00e9t\u00e9 \u00e0 plusieurs reprises que ses droits de douane permettaient d&rsquo;alimenter les caisses f\u00e9d\u00e9rales et de revitaliser le secteur manufacturier national.<\/p>\n<p>Le pr\u00e9sident a affirm\u00e9 que \u00ables usines sont en plein essor\u00bb et que la production automobile sera \u00abpassionnante\u00bb dans deux ans parce que les fabricants \u00abconstruisent des usines dans tout le pays\u00bb en raison des droits de douane.<\/p>\n","protected":false},"excerpt":{"rendered":"Le bureau de M. LeBlanc a qualifi\u00e9 la r\u00e9union, \u00e0 laquelle participait \u00e9galement l&rsquo;ambassadrice du Canada aux \u00c9tats-Unis,&hellip;\n","protected":false},"author":2,"featured_media":346329,"comment_status":"","ping_status":"","sticky":false,"template":"","format":"standard","meta":{"footnotes":""},"categories":[1586],"tags":[11,1777,674,1779,1011,27,12,25,1778,364],"class_list":{"0":"post-346328","1":"post","2":"type-post","3":"status-publish","4":"format-standard","5":"has-post-thumbnail","7":"category-europe","8":"tag-actualites","9":"tag-eu","10":"tag-europe","11":"tag-european-union","12":"tag-fr","13":"tag-france","14":"tag-news","15":"tag-republique-francaise","16":"tag-ue","17":"tag-union-europeenne"},"share_on_mastodon":{"url":"https:\/\/pubeurope.com\/@fr\/115097791588688127","error":""},"_links":{"self":[{"href":"https:\/\/www.europesays.com\/fr\/wp-json\/wp\/v2\/posts\/346328","targetHints":{"allow":["GET"]}}],"collection":[{"href":"https:\/\/www.europesays.com\/fr\/wp-json\/wp\/v2\/posts"}],"about":[{"href":"https:\/\/www.europesays.com\/fr\/wp-json\/wp\/v2\/types\/post"}],"author":[{"embeddable":true,"href":"https:\/\/www.europesays.com\/fr\/wp-json\/wp\/v2\/users\/2"}],"replies":[{"embeddable":true,"href":"https:\/\/www.europesays.com\/fr\/wp-json\/wp\/v2\/comments?post=346328"}],"version-history":[{"count":0,"href":"https:\/\/www.europesays.com\/fr\/wp-json\/wp\/v2\/posts\/346328\/revisions"}],"wp:featuredmedia":[{"embeddable":true,"href":"https:\/\/www.europesays.com\/fr\/wp-json\/wp\/v2\/media\/346329"}],"wp:attachment":[{"href":"https:\/\/www.europesays.com\/fr\/wp-json\/wp\/v2\/media?parent=346328"}],"wp:term":[{"taxonomy":"category","embeddable":true,"href":"https:\/\/www.europesays.com\/fr\/wp-json\/wp\/v2\/categories?post=346328"},{"taxonomy":"post_tag","embeddable":true,"href":"https:\/\/www.europesays.com\/fr\/wp-json\/wp\/v2\/tags?post=346328"}],"curies":[{"name":"wp","href":"https:\/\/api.w.org\/{rel}","templated":true}]}}