{"id":346336,"date":"2025-08-27T00:06:11","date_gmt":"2025-08-27T00:06:11","guid":{"rendered":"https:\/\/www.europesays.com\/fr\/346336\/"},"modified":"2025-08-27T00:06:11","modified_gmt":"2025-08-27T00:06:11","slug":"adrien-pelissie-lenfant-de-septfonds-passe-par-le-xv-de-france-revient-transmettre-sa-passion-aux-jeunes","status":"publish","type":"post","link":"https:\/\/www.europesays.com\/fr\/346336\/","title":{"rendered":"Adrien P\u00e9lissi\u00e9, l\u2019enfant de Septfonds pass\u00e9 par le XV de France, revient transmettre sa passion aux jeunes"},"content":{"rendered":"<p>\n                                                                    l&rsquo;essentiel<br \/>\n                                                                Au sein du Racing-Club de Septfonds, depuis cette saison, l\u2019ex-rugbyman professionnel distille son exp\u00e9rience et ses comp\u00e9tences aupr\u00e8s de jeunes joueurs respectueux et attentifs.\n                            <\/p>\n<p>Vendredi dernier 22\u00a0ao\u00fbt 2025 aux alentours de 20\u00a0heures, sur la pelouse du stade municipal de Septfonds (Tarn-et-Garonne), une trentaine de joueurs, accompagn\u00e9e, de plusieurs recrues, le pr\u00e9sident Christian M\u00e9nard, l\u2019entra\u00eeneur principal Eric Rodrigues, son adjoint Thierry Rebullida, ont \u00e9t\u00e9 honor\u00e9s par la visite de l\u2019ancien international Adrien P\u00e9lissi\u00e9, venu dispenser son savoir-faire, notamment au niveau du pack d\u2019avants dont il conna\u00eet bien des chapitres.<\/p>\n<p>Une figure inspirante du rugby fran\u00e7ais<\/p>\n<p>L\u2019enfant de Septfonds appr\u00e9cie parfaitement les lieux pour avoir foul\u00e9 la pelouse d\u00e8s son plus jeune \u00e2ge. Aussi, \u00e0 l\u2019attention des nouveaux licenci\u00e9s du club qui ignorent quelquefois le vaste univers de sa carri\u00e8re, un retour en arri\u00e8re s\u2019impose pour leur permettre de prendre exemple sur un sportif de haut niveau et sur une figure inspirante du rugby fran\u00e7ais. Un dirigeant du club r\u00e9sume le contexte de l\u2019encadrement\u00a0: \u00ab\u00a0Rares sont les clubs d\u00e9partementaux qui peuvent compter sur un \u00e9ducateur d\u2019un tel niveau\u00a0!\u00a0\u00bb<br \/>D\u00e8s ses 5 ans, il rejoint l\u2019\u00e9cole de rugby du village dirig\u00e9e par le regrett\u00e9 Jean-Pierre Gros. Apr\u00e8s avoir tutoy\u00e9 le gazon septfontois, le jeune joueur attire l\u2019attention des dirigeants de l\u2019\u00e9cole de Bas-Quercy Rugby, en cat\u00e9gorie minime, cadet puis junior 2e ann\u00e9e en \u00e9quipe premi\u00e8re de Caussade. \u00c0 cette \u00e9poque, Hubert Dubois, pr\u00e9sident de la structure, qui l\u2019a suivi dix ans durant, portait un jugement de valeur\u00a0: \u00ab\u00a0Adrien est un super plaqueur. Il se d\u00e9place bien sur un terrain. Tr\u00e8s volontaire \u00e0 l\u2019effort, il est dot\u00e9 d\u2019un r\u00e9el potentiel physique.\u00a0\u00bb En effet, le jeune homme affiche de respectables mensurations, 110 kilos pour 1,81\u00a0m, qu\u2019il met \u00e0 profit \u00e0 son poste de pr\u00e9dilection de talonneur.<\/p>\n<p>Rep\u00e9r\u00e9 par le Castres Olympique<\/p>\n<p>Apr\u00e8s Caussade, l\u2019Union sportive montalbanaise le courtise pour le challenge Reichel, o\u00f9 le talonneur d\u00e9ploie tout son allant sur les pelouses r\u00e9gionales. Aussi, rep\u00e9r\u00e9 par le staff du Castres Olympique, il rejoint, en ao\u00fbt\u00a02010, le centre de formation du club tarnais, o\u00f9 il concilie \u00e9tudes en BTS et activit\u00e9s sportives, en cat\u00e9gorie espoir de moins de 23 ans. Alors, tout s\u2019acc\u00e9l\u00e8re pour Adrien, tr\u00e8s vite remarqu\u00e9 et approch\u00e9 par les dirigeants du Stade aurillacois.<\/p>\n<p>Il int\u00e8gre le XV de France<\/p>\n<p>De 2013 \u00e0 2017, en Pro D2, il fera les beaux jours du club Cantal-Auvergne, avant une nouvelle \u00e9tape \u00e0 l\u2019\u00e9tage sup\u00e9rieur, soit le Top 14, au sein de l\u2019Union Bordeaux-B\u00e8gles durant trois ans. Joueur de confiance, combattant hors pair, leader explosif dans son r\u00f4le de talonneur, il est \u00e0 son apog\u00e9e sportif et int\u00e8gre, de fait, le XV de France \u00e0 l\u2019occasion du Tournoi des Six Nations de 2018, encha\u00eenant 7 s\u00e9lections internationales dont 2 capes avec les Barbarians fran\u00e7ais.<br \/>En 2020, Adrien rejoint l\u2019ASM Clermont-Auvergne. Malheureusement, il ne pourra pas exprimer son talent en raison de deux s\u00e9rieuses blessures, le rendant indisponible pour plusieurs mois\u00a0: en 2021, contre la section paloise, c\u2019est la rupture du ligament crois\u00e9 ant\u00e9rieur du genou gauche et en janvier\u00a02023, contre Leicester, c\u2019est le genou droit qui c\u00e8de avec le m\u00eame lourd traumatisme.<br \/>Le futur joueur du CA Brive, contractualis\u00e9 officiellement en juin\u00a02023, sera op\u00e9r\u00e9 et entamera une longue r\u00e9\u00e9ducation. \u00c0 la suite, int\u00e9grant le groupe briviste, la mal\u00e9diction frappe \u00e0 nouveau Adrien lors du match contre l\u2019US Colomiers en d\u00e9cembre\u00a02023, avec un verdict sans appel\u00a0: la rupture totale du ligament crois\u00e9 ant\u00e9rieur du genou gauche. Ces blessures mettent un terme pr\u00e9matur\u00e9 et brutal \u00e0 une carri\u00e8re qui s\u2019annon\u00e7ait plus que prometteuse.<\/p>\n<p>Jusqu\u2019\u00e0 la ferme familiale<\/p>\n<p>Aujourd\u2019hui, suite \u00e0 un repos forc\u00e9, Adrien, r\u00e9silient, r\u00e9cup\u00e8re et profite pleinement de sa famille.<br \/>Dans un avenir encore lointain, il prendra le chemin des travaux agricoles au sein de la ferme familiale. Un nouveau d\u00e9fi qu\u2019il rel\u00e8vera.<\/p>\n","protected":false},"excerpt":{"rendered":"l&rsquo;essentiel Au sein du Racing-Club de Septfonds, depuis cette saison, l\u2019ex-rugbyman professionnel distille son exp\u00e9rience et ses comp\u00e9tences&hellip;\n","protected":false},"author":2,"featured_media":346337,"comment_status":"","ping_status":"","sticky":false,"template":"","format":"standard","meta":{"footnotes":""},"categories":[1416],"tags":[1011,27,479,1468,60],"class_list":{"0":"post-346336","1":"post","2":"type-post","3":"status-publish","4":"format-standard","5":"has-post-thumbnail","7":"category-rugby","8":"tag-fr","9":"tag-france","10":"tag-rugby","11":"tag-rugby-football","12":"tag-sports"},"share_on_mastodon":{"url":"https:\/\/pubeurope.com\/@fr\/115097815219413134","error":""},"_links":{"self":[{"href":"https:\/\/www.europesays.com\/fr\/wp-json\/wp\/v2\/posts\/346336","targetHints":{"allow":["GET"]}}],"collection":[{"href":"https:\/\/www.europesays.com\/fr\/wp-json\/wp\/v2\/posts"}],"about":[{"href":"https:\/\/www.europesays.com\/fr\/wp-json\/wp\/v2\/types\/post"}],"author":[{"embeddable":true,"href":"https:\/\/www.europesays.com\/fr\/wp-json\/wp\/v2\/users\/2"}],"replies":[{"embeddable":true,"href":"https:\/\/www.europesays.com\/fr\/wp-json\/wp\/v2\/comments?post=346336"}],"version-history":[{"count":0,"href":"https:\/\/www.europesays.com\/fr\/wp-json\/wp\/v2\/posts\/346336\/revisions"}],"wp:featuredmedia":[{"embeddable":true,"href":"https:\/\/www.europesays.com\/fr\/wp-json\/wp\/v2\/media\/346337"}],"wp:attachment":[{"href":"https:\/\/www.europesays.com\/fr\/wp-json\/wp\/v2\/media?parent=346336"}],"wp:term":[{"taxonomy":"category","embeddable":true,"href":"https:\/\/www.europesays.com\/fr\/wp-json\/wp\/v2\/categories?post=346336"},{"taxonomy":"post_tag","embeddable":true,"href":"https:\/\/www.europesays.com\/fr\/wp-json\/wp\/v2\/tags?post=346336"}],"curies":[{"name":"wp","href":"https:\/\/api.w.org\/{rel}","templated":true}]}}