{"id":346338,"date":"2025-08-27T00:07:15","date_gmt":"2025-08-27T00:07:15","guid":{"rendered":"https:\/\/www.europesays.com\/fr\/346338\/"},"modified":"2025-08-27T00:07:15","modified_gmt":"2025-08-27T00:07:15","slug":"resultat-hugo-gaston-shintaro-mochizuki-grand-chelem-us-open-premier-tour-mardi-26-aout-2025-lequipe","status":"publish","type":"post","link":"https:\/\/www.europesays.com\/fr\/346338\/","title":{"rendered":"R\u00e9sultat : Hugo Gaston &#8211; Shintaro Mochizuki, Grand Chelem, US Open, Premier tour, Mardi 26 ao\u00fbt 2025 &#8211; L&#039;\u00c9quipe"},"content":{"rendered":"<ol>\n<li><a href=\"https:\/\/news.google.com\/rss\/articles\/CBMiyAFBVV95cUxNUmpjU0RMQjdTWTkyazB1NnF0RU1FVjR5dWR4QmJDaGl6dVcwS0J1S2JnT2FkOVhDYUVzWWVpYnR3TEF1clR2dmYwMDZQakw0T3YxS19GN3BXR1Ryb3htZjFTemIzMVdnbHh0a0FPMWVVVmNxa3g0RHNicDE1Q0wxdHdULTFsNHYzS2pjdFlvc2FXRlZheGl3anFITjhFazFhYk80RkE3YXZfZGhIVDJWSTV3UDc5dWZ0WFlLLUFwMTVLSDZTS3JGbA?oc=5\" target=\"_blank\" rel=\"nofollow noopener\">R\u00e9sultat : Hugo Gaston &#8211; Shintaro Mochizuki, Grand Chelem, US Open, Premier tour, Mardi 26 ao\u00fbt 2025<\/a>&nbsp;&nbsp;L&rsquo;\u00c9quipe<\/li>\n<li><a href=\"https:\/\/news.google.com\/rss\/articles\/CBMirAFBVV95cUxPMmY3OWRpMGJLWEJITkg4Sk9OUzdibFhwcVM1emdDbDZwUGhHNDZoYnVKdmg2YlpSTVR4Q1ZSLUEzOGRMTmtpbldQLUk4aDQ1bGo5YllIMlEtQnpJVmYtYXpHcTJYa2gwQmJzS3lRWDRNaEliZG1zMlZYRXNodVpCcm9vME1zYXh2dFZXY0h6LUVoRGRHVjhEY3JobHNtLV9sUnhyT0t1U05TbnlG?oc=5\" target=\"_blank\" rel=\"nofollow noopener\">Sturm Graz 2-1 Bodo\/Glimt, Ligue des champions : r\u00e9sum\u00e9 du match (26\/08\/2025)<\/a>&nbsp;&nbsp;L&rsquo;\u00c9quipe<\/li>\n<li><a href=\"https:\/\/news.google.com\/rss\/articles\/CBMitAFBVV95cUxQTTAtVVhHM0pzU1dqdnlTRDVhdi1kMG85cXpqYUJIdzlyZDQzX213c0ZiNWlsUENGZ0x4b3U3UmY0YzRuQUVTRkN3bDM5MDJRQlBQRjlfdklveXZDNngteWZQNjNwSFpvbFZJV3pwQ2xNVHBHckFCVlUyaG5aRThXU0JpV2UzVVZ1WmNyVVFJYkF1bGpBdjZMNFlhaGZrSXpTR1FaOE84Qm53TVU5QnZ5NHExNlI?oc=5\" target=\"_blank\" rel=\"nofollow noopener\">Pafos 1-1 Etoile Rouge Belgrade, Ligue des champions : r\u00e9sum\u00e9 du match (26\/08\/2025)<\/a>&nbsp;&nbsp;L&rsquo;\u00c9quipe<\/li>\n<li><a href=\"https:\/\/news.google.com\/rss\/articles\/CBMiwwFBVV95cUxNTlVhRHdSZlE4d3FkcFdUUUhWb0RZSjhrb0dFOXBhQVlTR3BrT0NXT2ZHOTJWSk55UmNXMFhyb3YxOWk4UUdZQ0xMbUpPTWlScVRZVzBkWnM2ejlNekhfUmZuVXR1c0NRcDh5cV9XR0ZCN2ZTUG1JLUhBdjJ1clZCZk5KZGZUVTN6UFBOanNRTV93SXN5WkpwdkJKOVNPUHlZalZIb2p0cGxaODdPUktKTjlMZlpDTG5NblhDTDZuSl9FU0E?oc=5\" target=\"_blank\" rel=\"nofollow noopener\">R\u00e9sultat : Quentin Halys &#8211; David Goffin, Grand Chelem, US Open, Premier tour, Mardi 26 ao\u00fbt 2025<\/a>&nbsp;&nbsp;L&rsquo;\u00c9quipe<\/li>\n<li><a href=\"https:\/\/news.google.com\/rss\/articles\/CBMixwFBVV95cUxOUjNQMTdMSkVBWVotOVlNYjdTa3lzMXlQN29BNXIxaTdKcUM4akowQURKRnJ4NG9ILWlhQmxORHUwQV9qZ2E1Vk1palhkMWlBOUVoT3pIb2FfRkF0RXZkMTRUdzA3azdwLUFYUnhmZ0RhaUN5alhPTmVmcjdidUNHckJkM3hxVjY1RS1zS241dXFLdks2Z0xpWGNXNjNfX0thSm9rSXNaTVgwVnlNLUhHdlZnWllIaVJxWU1sNHdsbG8xZ0hxdV9J?oc=5\" target=\"_blank\" rel=\"nofollow noopener\">R\u00e9sultat : Valentin Royer &#8211; Yunchaokete Bu, Grand Chelem, US Open, Premier tour, Mardi 26 ao\u00fbt 2025<\/a>&nbsp;&nbsp;L&rsquo;\u00c9quipe<\/li>\n<\/ol>\n","protected":false},"excerpt":{"rendered":"R\u00e9sultat : Hugo Gaston &#8211; Shintaro Mochizuki, Grand Chelem, US Open, Premier tour, Mardi 26 ao\u00fbt 2025&nbsp;&nbsp;L&rsquo;\u00c9quipe Sturm&hellip;\n","protected":false},"author":2,"featured_media":342526,"comment_status":"","ping_status":"","sticky":false,"template":"","format":"standard","meta":{"footnotes":""},"categories":[1415],"tags":[1011,27,60,1467],"class_list":{"0":"post-346338","1":"post","2":"type-post","3":"status-publish","4":"format-standard","5":"has-post-thumbnail","7":"category-tennis","8":"tag-fr","9":"tag-france","10":"tag-sports","11":"tag-tennis"},"share_on_mastodon":{"url":"https:\/\/pubeurope.com\/@fr\/115097819097604123","error":""},"_links":{"self":[{"href":"https:\/\/www.europesays.com\/fr\/wp-json\/wp\/v2\/posts\/346338","targetHints":{"allow":["GET"]}}],"collection":[{"href":"https:\/\/www.europesays.com\/fr\/wp-json\/wp\/v2\/posts"}],"about":[{"href":"https:\/\/www.europesays.com\/fr\/wp-json\/wp\/v2\/types\/post"}],"author":[{"embeddable":true,"href":"https:\/\/www.europesays.com\/fr\/wp-json\/wp\/v2\/users\/2"}],"replies":[{"embeddable":true,"href":"https:\/\/www.europesays.com\/fr\/wp-json\/wp\/v2\/comments?post=346338"}],"version-history":[{"count":0,"href":"https:\/\/www.europesays.com\/fr\/wp-json\/wp\/v2\/posts\/346338\/revisions"}],"wp:featuredmedia":[{"embeddable":true,"href":"https:\/\/www.europesays.com\/fr\/wp-json\/wp\/v2\/media\/342526"}],"wp:attachment":[{"href":"https:\/\/www.europesays.com\/fr\/wp-json\/wp\/v2\/media?parent=346338"}],"wp:term":[{"taxonomy":"category","embeddable":true,"href":"https:\/\/www.europesays.com\/fr\/wp-json\/wp\/v2\/categories?post=346338"},{"taxonomy":"post_tag","embeddable":true,"href":"https:\/\/www.europesays.com\/fr\/wp-json\/wp\/v2\/tags?post=346338"}],"curies":[{"name":"wp","href":"https:\/\/api.w.org\/{rel}","templated":true}]}}