{"id":346350,"date":"2025-08-27T00:15:16","date_gmt":"2025-08-27T00:15:16","guid":{"rendered":"https:\/\/www.europesays.com\/fr\/346350\/"},"modified":"2025-08-27T00:15:16","modified_gmt":"2025-08-27T00:15:16","slug":"ce-livre-est-toujours-n1-des-ventes-damazon","status":"publish","type":"post","link":"https:\/\/www.europesays.com\/fr\/346350\/","title":{"rendered":"ce livre est toujours n\u00b01 des ventes d&rsquo;Amazon"},"content":{"rendered":"<p itemprop=\"description\">Alors qu&rsquo;il est sorti il y a plusieurs<br \/>\nmois, ce livre fait toujours partie des meilleures ventes de la<br \/>\nplateforme Amazon.<\/p>\n<p>Dans le flot de nouveaut\u00e9s litt\u00e9raires qui se succ\u00e8dent chaque<br \/>\nsemaine, rares sont les romans capables de tenir la distance et de<br \/>\nrester dans le haut des classements pendant plusieurs mois. C\u2019est<br \/>\npourtant l\u2019exploit r\u00e9alis\u00e9 par Jamais 203, publi\u00e9 chez<br \/>\nAlbin Michel, le 30 avril 2025 par Kentin Jarno, et qui continue de<br \/>\ntr\u00f4ner parmi l<strong>es meilleures ventes d\u2019Amazon.<\/strong><\/p>\n<p>Qualifi\u00e9 de \u00ab\u00a0vraie p\u00e9pite\u00a0\u00bb par de nombreux lecteurs, ce<br \/>\n<a href=\"https:\/\/www.bibamagazine.fr\/culture\/livres\/veritable-phenomene-litteraire-cette-autrice-americaine-a-marque-lete-2025-mais-pas-que-483900.html\" rel=\"nofollow noopener\" target=\"_blank\"><br \/>\nroman bouleversant<\/a> s\u2019impose comme l\u2019un des <strong>coups de<br \/>\nc\u0153ur incontournables<\/strong> de l\u2019ann\u00e9e. Le point de d\u00e9part est<br \/>\ngla\u00e7ant : Stella, l\u2019h\u00e9ro\u00efne, apprend qu\u2019il ne lui reste que<br \/>\n<strong>203 jours \u00e0 vivre<\/strong>, son c\u0153ur devant cesser de<br \/>\nbattre le soir de son anniversaire. Une pr\u00e9diction impossible \u00e0<br \/>\nignorer, qui bouleverse le cours de sa vie.<\/p>\n<p>Un roman qui laisse sans voix les lecteurs par la puret\u00e9 des<br \/>\nsentiments des personnages<\/p>\n<p>\u00c0 ses c\u00f4t\u00e9s, Cole, son meilleur ami et colocataire, refuse de la<br \/>\nlaisser sombrer dans l\u2019attente. Lui qui ne croit pas aux<br \/>\nsuperstitions, d\u00e9cide malgr\u00e9 tout de la pousser \u00e0 r\u00e9diger une<br \/>\nBucket List : une <strong>liste de tous les r\u00eaves<\/strong> qu\u2019elle<br \/>\nsouhaite r\u00e9aliser avant l\u2019\u00e9ch\u00e9ance fatale. Ce cadre dramatique<br \/>\nlaisse pourtant la place \u00e0 une histoire d\u2019une tendresse<br \/>\ninfinie.<\/p>\n<p><img loading=\"lazy\" decoding=\"async\" itemprop=\"thumbnailUrl\" class=\"aligncenter size-large wp-image-484973 img-responsive pinit-here\" src=\"https:\/\/www.europesays.com\/fr\/wp-content\/uploads\/2025\/08\/capture-decran-2025-08-26-a-09.51.21-765x1024.png\" alt=\"\" width=\"765\" height=\"1024\" data-pin-media=\"https:\/\/www.bibamagazine.fr\/wp-content\/uploads\/biba\/2025\/08\/capture-decran-2025-08-26-a-09.51.21-736x986.png\"\/><br \/>\n\u00a9<br \/>\nAmazon<\/p>\n<p>Entre deux d\u00e9fis accomplis, Stella et Cole voient leur relation<br \/>\n\u00e9voluer. Leurs regards, longtemps complices, se chargent d\u2019une<br \/>\nintensit\u00e9 nouvelle. L\u2019in\u00e9vitable se dessine : <strong>l\u2019amiti\u00e9<br \/>\nlaisse place \u00e0 l\u2019amour,<\/strong> avec toute la douceur et la<br \/>\nfragilit\u00e9 que cela implique. Depuis sa sortie, Jamais 203<br \/>\nn\u2019a cess\u00e9 de <a href=\"https:\/\/www.bibamagazine.fr\/culture\/livres\/n1-des-ventes-amazon-en-allemagne-ce-thriller-glace-le-sang-des-les-premieres-pages-483605.html\" rel=\"nofollow noopener\" target=\"_blank\"><br \/>\nsusciter des r\u00e9actions<\/a> passionn\u00e9es. \u00ab\u00a0Une sublime histoire<br \/>\nd\u2019amour tragique qui se d\u00e9marque par les messages qu\u2019elle<br \/>\nv\u00e9hicule\u00a0\u00bb, \u00e9crit un lecteur sur Amazon.<\/p>\n<p>Un ouvrage qui est toujours en t\u00eate des<br \/>\nventes sur Amazon<\/p>\n<p>D\u2019autres saluent l\u2019\u00e9motion pure qui se d\u00e9gage du livre : \u00ab\u00a0Ce<br \/>\nlivre est une vraie p\u00e9pite. Un de mes coups de c\u0153ur 2025. M\u00eame si<br \/>\nj\u2019ai vers\u00e9 plusieurs fois des larmes, je ne retiens que le message<br \/>\npuissant et positif : profitons de la vie\u00a0\u00bb, peut-on lire dans<br \/>\nun autre avis. Loin d\u2019<a href=\"https:\/\/www.bibamagazine.fr\/culture\/livres\/brillant-poignant-ce-livre-dune-celebre-ecrivaine-se-hisse-dans-le-top-10-des-meilleures-ventes-de-la-fnac-484688.html\" rel=\"nofollow noopener\" target=\"_blank\">un<br \/>\nsimple drame,<\/a> le roman de Kentin Jarno s\u00e9duit par sa justesse<br \/>\net son \u00e9quilibre entre gravit\u00e9 et espoir.<\/p>\n<p>Avec ce roman, Kentin Jarno s\u2019impose comme une <strong>voix<br \/>\nmontante de la litt\u00e9rature contemporaine<\/strong>. Sa capacit\u00e9 \u00e0<br \/>\nm\u00ealer \u00e9motions intenses, romance et r\u00e9flexion sur le sens de la vie<br \/>\ntouche un lectorat tr\u00e8s large, au-del\u00e0 des amateurs de \u00ab\u00a0friends to<br \/>\nlovers\u00a0\u00bb. Toujours <strong>en t\u00eate des ventes<\/strong> plusieurs<br \/>\nmois apr\u00e8s sa parution, Jamais 203 a trouv\u00e9 un \u00e9cho<br \/>\nparticulier aupr\u00e8s d\u2019une g\u00e9n\u00e9ration en qu\u00eate de r\u00e9cits sinc\u00e8res et<br \/>\ninspirants. \u00c0 travers Stella et Cole, l\u2019auteur rappelle une<br \/>\n\u00e9vidence trop souvent oubli\u00e9e : l\u2019urgence de vivre pleinement.<\/p>\n","protected":false},"excerpt":{"rendered":"Alors qu&rsquo;il est sorti il y a plusieurs mois, ce livre fait toujours partie des meilleures ventes de&hellip;\n","protected":false},"author":2,"featured_media":346351,"comment_status":"","ping_status":"","sticky":false,"template":"","format":"standard","meta":{"footnotes":""},"categories":[1357],"tags":[1379,58,59,1011,27,1380],"class_list":{"0":"post-346350","1":"post","2":"type-post","3":"status-publish","4":"format-standard","5":"has-post-thumbnail","7":"category-livres","8":"tag-books","9":"tag-divertissement","10":"tag-entertainment","11":"tag-fr","12":"tag-france","13":"tag-livres"},"share_on_mastodon":{"url":"https:\/\/pubeurope.com\/@fr\/115097850647539111","error":""},"_links":{"self":[{"href":"https:\/\/www.europesays.com\/fr\/wp-json\/wp\/v2\/posts\/346350","targetHints":{"allow":["GET"]}}],"collection":[{"href":"https:\/\/www.europesays.com\/fr\/wp-json\/wp\/v2\/posts"}],"about":[{"href":"https:\/\/www.europesays.com\/fr\/wp-json\/wp\/v2\/types\/post"}],"author":[{"embeddable":true,"href":"https:\/\/www.europesays.com\/fr\/wp-json\/wp\/v2\/users\/2"}],"replies":[{"embeddable":true,"href":"https:\/\/www.europesays.com\/fr\/wp-json\/wp\/v2\/comments?post=346350"}],"version-history":[{"count":0,"href":"https:\/\/www.europesays.com\/fr\/wp-json\/wp\/v2\/posts\/346350\/revisions"}],"wp:featuredmedia":[{"embeddable":true,"href":"https:\/\/www.europesays.com\/fr\/wp-json\/wp\/v2\/media\/346351"}],"wp:attachment":[{"href":"https:\/\/www.europesays.com\/fr\/wp-json\/wp\/v2\/media?parent=346350"}],"wp:term":[{"taxonomy":"category","embeddable":true,"href":"https:\/\/www.europesays.com\/fr\/wp-json\/wp\/v2\/categories?post=346350"},{"taxonomy":"post_tag","embeddable":true,"href":"https:\/\/www.europesays.com\/fr\/wp-json\/wp\/v2\/tags?post=346350"}],"curies":[{"name":"wp","href":"https:\/\/api.w.org\/{rel}","templated":true}]}}