{"id":346352,"date":"2025-08-27T00:16:10","date_gmt":"2025-08-27T00:16:10","guid":{"rendered":"https:\/\/www.europesays.com\/fr\/346352\/"},"modified":"2025-08-27T00:16:10","modified_gmt":"2025-08-27T00:16:10","slug":"nous-voulions-offrir-a-chaque-personnage-une-belle-sortie-le-producteur-de-s-w-a-t-justifie-le-depart-dalex-russell-jim-street-apres-7-saisons-et-125-episodes","status":"publish","type":"post","link":"https:\/\/www.europesays.com\/fr\/346352\/","title":{"rendered":"\u00ab\u00a0Nous voulions offrir \u00e0 chaque personnage une belle sortie\u00a0\u00bb : Le producteur de \u00ab\u00a0S.W.A.T.\u00a0\u00bb justifie le d\u00e9part d&rsquo;Alex Russell (Jim Street) apr\u00e8s 7 saisons et 125 \u00e9pisodes"},"content":{"rendered":"<p>La suite apr\u00e8s la publicit\u00e9<\/p>\n<p>Ce mardi soir, TF1 propose trois \u00e9pisodes in\u00e9dits de la saison 7 de \u00ab\u00a0S.W.A.T.\u00a0\u00bb. Mais l&rsquo;attention des fid\u00e8les sera avant tout port\u00e9e sur l\u2019\u00e9pisode 5, intitul\u00e9 \u00ab\u00a0End of the Road\u00a0\u00bb dans la version originale, qui marque le d\u00e9part d\u00e9finitif de Jim Street. Pr\u00e9sent depuis le premier \u00e9pisode en 2017, l\u2019officier \u00e9tait l\u2019un des piliers de l\u2019unit\u00e9. Fid\u00e8le co\u00e9quipier de Hondo et figure embl\u00e9matique du 20-Squad, il tire sa r\u00e9v\u00e9rence apr\u00e8s 125 \u00e9pisodes de service.<\/p>\n<p>\u00ab\u00a0L\u2019id\u00e9e \u00e9tait qu\u2019aucun personnage ne soit l\u00e9s\u00e9\u00a0\u00bb<\/p>\n<p>L\u2019acteur Alex Russell avait d\u2019ailleurs annonc\u00e9 son retrait d\u00e8s f\u00e9vrier 2024 sur Instagram, remerciant l\u2019\u00e9quipe et les spectateurs : \u00ab\u00a0Je suis tr\u00e8s reconnaissant d&rsquo;avoir eu la chance d&rsquo;incarner Jim Street et de partager cette aventure incroyable avec ma famille &lsquo;S.W.A.T.&rsquo; (\u2026) Nous vous r\u00e9servons une fin grandiose et rassurez-vous, ce n&rsquo;est pas la derni\u00e8re fois que vous le verrez !\u00a0\u00bb.<\/p>\n<p>Dans une interview accord\u00e9e \u00e0 \u00ab\u00a0TV Line\u00a0\u00bb en f\u00e9vrier 2024, le showrunner Andrew Dettmann a tenu \u00e0 justifier ce choix : \u00ab\u00a0Avec seulement 13 \u00e9pisodes pour cette derni\u00e8re saison, nous voulions donner \u00e0 chacun une belle sortie. L\u2019id\u00e9e \u00e9tait qu\u2019aucun personnage ne soit l\u00e9s\u00e9, que chacun puisse avoir une conclusion forte et coh\u00e9rente avec son histoire.\u00a0\u00bb Selon lui, Street et Luca (incarn\u00e9 par Kenny Johnson, qui quittera la s\u00e9rie deux \u00e9pisodes plus tard, ndlr) ont ainsi b\u00e9n\u00e9fici\u00e9 d\u2019arcs narratifs pens\u00e9s comme des hommages. \u00ab\u00a0Nous sommes vraiment heureux des \u00e9pisodes que nous avons construits pour eux\u00a0\u00bb, ajoute-t-il.\u00a0<\/p>\n<p><a href=\"https:\/\/www.ozap.com\/actu\/swat-deux-acteurs-emblematiques-vont-quitter-la-serie-avec-shemar-moore-cette-saison\/651245\" rel=\"nofollow noopener\" target=\"_blank\"><strong>\u00c0 LIRE AUSSI : \u00ab\u00a0S.W.A.T.\u00a0\u00bb : Deux acteurs embl\u00e9matiques vont quitter la s\u00e9rie avec Shemar Moore cette saison<\/strong><\/a><\/p>\n<p>Un d\u00e9part pourtant bref, puisque Jim Street n\u2019appara\u00eet qu\u2019une seule fois dans cette saison, l\u00e0 o\u00f9 les sc\u00e9naristes envisageaient initialement de le faire revenir de mani\u00e8re r\u00e9currente. Une d\u00e9cision qui a pu d\u00e9cevoir certains fans, tant le personnage \u00e9tait embl\u00e9matique. Ce souci de \u00ab\u00a0cl\u00f4turer les arcs\u00a0\u00bb s\u2019inscrit dans une d\u00e9cision plus large. En mai 2023, CBS avait d\u2019abord annonc\u00e9 l\u2019arr\u00eat de S.W.A.T. apr\u00e8s six saisons, avant de revenir sur sa d\u00e9cision face \u00e0 la mobilisation des fans.\u00a0<\/p>\n<p>La cha\u00eene a finalement command\u00e9 une septi\u00e8me saison de 13 \u00e9pisodes. \u00ab\u00a0Nous avons entendu la passion des spectateurs\u00a0\u00bb, avait alors expliqu\u00e9 Amy Reisenbach, pr\u00e9sidente de CBS Entertainment. Puis, la huiti\u00e8me saison, diffus\u00e9e aux \u00c9tats-Unis au printemps dernier, a d\u00e9finitivement referm\u00e9 le chapitre. Mais pour les t\u00e9l\u00e9spectateurs fran\u00e7ais, cette saison 7 reste l\u2019occasion de dire adieu \u00e0 des visages familiers et de mesurer le chemin parcouru depuis 2017.<\/p>\n","protected":false},"excerpt":{"rendered":"La suite apr\u00e8s la publicit\u00e9 Ce mardi soir, TF1 propose trois \u00e9pisodes in\u00e9dits de la saison 7 de&hellip;\n","protected":false},"author":2,"featured_media":346353,"comment_status":"","ping_status":"","sticky":false,"template":"","format":"standard","meta":{"footnotes":""},"categories":[1356],"tags":[58,59,1011,27,252,1364],"class_list":{"0":"post-346352","1":"post","2":"type-post","3":"status-publish","4":"format-standard","5":"has-post-thumbnail","7":"category-television","8":"tag-divertissement","9":"tag-entertainment","10":"tag-fr","11":"tag-france","12":"tag-television","13":"tag-tv"},"share_on_mastodon":{"url":"https:\/\/pubeurope.com\/@fr\/115097854522674675","error":""},"_links":{"self":[{"href":"https:\/\/www.europesays.com\/fr\/wp-json\/wp\/v2\/posts\/346352","targetHints":{"allow":["GET"]}}],"collection":[{"href":"https:\/\/www.europesays.com\/fr\/wp-json\/wp\/v2\/posts"}],"about":[{"href":"https:\/\/www.europesays.com\/fr\/wp-json\/wp\/v2\/types\/post"}],"author":[{"embeddable":true,"href":"https:\/\/www.europesays.com\/fr\/wp-json\/wp\/v2\/users\/2"}],"replies":[{"embeddable":true,"href":"https:\/\/www.europesays.com\/fr\/wp-json\/wp\/v2\/comments?post=346352"}],"version-history":[{"count":0,"href":"https:\/\/www.europesays.com\/fr\/wp-json\/wp\/v2\/posts\/346352\/revisions"}],"wp:featuredmedia":[{"embeddable":true,"href":"https:\/\/www.europesays.com\/fr\/wp-json\/wp\/v2\/media\/346353"}],"wp:attachment":[{"href":"https:\/\/www.europesays.com\/fr\/wp-json\/wp\/v2\/media?parent=346352"}],"wp:term":[{"taxonomy":"category","embeddable":true,"href":"https:\/\/www.europesays.com\/fr\/wp-json\/wp\/v2\/categories?post=346352"},{"taxonomy":"post_tag","embeddable":true,"href":"https:\/\/www.europesays.com\/fr\/wp-json\/wp\/v2\/tags?post=346352"}],"curies":[{"name":"wp","href":"https:\/\/api.w.org\/{rel}","templated":true}]}}