{"id":346354,"date":"2025-08-27T00:17:11","date_gmt":"2025-08-27T00:17:11","guid":{"rendered":"https:\/\/www.europesays.com\/fr\/346354\/"},"modified":"2025-08-27T00:17:11","modified_gmt":"2025-08-27T00:17:11","slug":"la-bande-originale-du-film-netflix-conquiert-les-charts-mondiaux","status":"publish","type":"post","link":"https:\/\/www.europesays.com\/fr\/346354\/","title":{"rendered":"la bande-originale du film Netflix conquiert les charts mondiaux"},"content":{"rendered":"<p>Quatre titres du film d&rsquo;animation sont pr\u00e9sents simultan\u00e9ment dans le top 10 du Billboard Hot 100. Une performance inattendue pour ce programme Netflix, sorti le 20 juin 2025.<\/p>\n<p>KPop Demon Hunters s&rsquo;\u00e9rige-t-il comme le ph\u00e9nom\u00e8ne musical de l&rsquo;\u00e9t\u00e9 2025? Rarement une bande originale de film d&rsquo;animation aura connu un tel raz-de-mar\u00e9e commercial, se hissant m\u00eame au sommet des classements musicaux mondiaux.<\/p>\n<p>Sorti le 20 juin 2025 sur Netflix, le long-m\u00e9trage r\u00e9alis\u00e9 par Maggie Kang et Chris Appelhans raconte l&rsquo;histoire de trois superstars de la Kpop &#8211; Rumi, Mira et Zoey &#8211; qui, lorsqu&rsquo;elles ne remplissent pas les stades, utilisent leurs identit\u00e9s secr\u00e8tes de chasseuses de d\u00e9mons pour prot\u00e9ger leurs fans d&rsquo;une menace surnaturelle omnipr\u00e9sente.<\/p>\n<\/p>\n<p>Des collaborations prestigieuses<\/p>\n<p>Plusieurs des chansons de la bande sonore sont list\u00e9es parmi les dix premiers titres du classement Billboard Hot 100 cette semaine. Le groupe fictif HUNTR\/X a atteint la premi\u00e8re place avec Golden , tandis que son autre chanson How It&rsquo;s Done atteint la 10e position. Your Idol des Saja Boys se stabilise au 4e rang, quand leur titre Soda Pop se classe 5e.<\/p>\n<p>Comment expliquer un tel engouement? Certes, la K-Pop a le vent en poupe, mais le succ\u00e8s peut surtout s&rsquo;expliquer par les collaborations prestigieuses. La bande originale a \u00e9t\u00e9 con\u00e7ue par des producteurs qui travaillent avec Blackpink ou encore Tomorrow X Together, des grands noms de la K-Pop.<\/p>\n<p>Une l\u00e9gitimit\u00e9 renforc\u00e9e par la pr\u00e9sence de THEBLACKLABEL, l&rsquo;un des plus grands labels de K-Pop fond\u00e9 par Teddy Park. Enfin, le film a \u00e9galement travaill\u00e9 avec le groupe TWICE, jusqu&rsquo;\u00e0 la chanson originale Takedown (version TWICE), interpr\u00e9t\u00e9e par Jeongyeon, Jihyo et Chaeyoung.<\/p>\n<p>Le film se classe d\u00e9sormais comme le deuxi\u00e8me film en langue anglaise le plus populaire de Netflix, selon les donn\u00e9es de la plateforme. Les chansons sont devenues si populaires que les fans ont eu droit \u00e0 une version karaok\u00e9 du film, sortie le 25 ao\u00fbt dernier sur la plateforme.<\/p>\n","protected":false},"excerpt":{"rendered":"Quatre titres du film d&rsquo;animation sont pr\u00e9sents simultan\u00e9ment dans le top 10 du Billboard Hot 100. Une performance&hellip;\n","protected":false},"author":2,"featured_media":346355,"comment_status":"","ping_status":"","sticky":false,"template":"","format":"standard","meta":{"footnotes":""},"categories":[1355],"tags":[58,59,1011,27,1361,873],"class_list":{"0":"post-346354","1":"post","2":"type-post","3":"status-publish","4":"format-standard","5":"has-post-thumbnail","7":"category-musique","8":"tag-divertissement","9":"tag-entertainment","10":"tag-fr","11":"tag-france","12":"tag-music","13":"tag-musique"},"share_on_mastodon":{"url":"https:\/\/pubeurope.com\/@fr\/115097858505498875","error":""},"_links":{"self":[{"href":"https:\/\/www.europesays.com\/fr\/wp-json\/wp\/v2\/posts\/346354","targetHints":{"allow":["GET"]}}],"collection":[{"href":"https:\/\/www.europesays.com\/fr\/wp-json\/wp\/v2\/posts"}],"about":[{"href":"https:\/\/www.europesays.com\/fr\/wp-json\/wp\/v2\/types\/post"}],"author":[{"embeddable":true,"href":"https:\/\/www.europesays.com\/fr\/wp-json\/wp\/v2\/users\/2"}],"replies":[{"embeddable":true,"href":"https:\/\/www.europesays.com\/fr\/wp-json\/wp\/v2\/comments?post=346354"}],"version-history":[{"count":0,"href":"https:\/\/www.europesays.com\/fr\/wp-json\/wp\/v2\/posts\/346354\/revisions"}],"wp:featuredmedia":[{"embeddable":true,"href":"https:\/\/www.europesays.com\/fr\/wp-json\/wp\/v2\/media\/346355"}],"wp:attachment":[{"href":"https:\/\/www.europesays.com\/fr\/wp-json\/wp\/v2\/media?parent=346354"}],"wp:term":[{"taxonomy":"category","embeddable":true,"href":"https:\/\/www.europesays.com\/fr\/wp-json\/wp\/v2\/categories?post=346354"},{"taxonomy":"post_tag","embeddable":true,"href":"https:\/\/www.europesays.com\/fr\/wp-json\/wp\/v2\/tags?post=346354"}],"curies":[{"name":"wp","href":"https:\/\/api.w.org\/{rel}","templated":true}]}}