{"id":346358,"date":"2025-08-27T00:19:11","date_gmt":"2025-08-27T00:19:11","guid":{"rendered":"https:\/\/www.europesays.com\/fr\/346358\/"},"modified":"2025-08-27T00:19:11","modified_gmt":"2025-08-27T00:19:11","slug":"une-nouvelle-etude-a-identifie-lage-charniere-auquel-le-vieillissement-du-corps-accelere-vraiment","status":"publish","type":"post","link":"https:\/\/www.europesays.com\/fr\/346358\/","title":{"rendered":"Une nouvelle \u00e9tude a identifi\u00e9 l&rsquo;\u00e2ge charni\u00e8re auquel le vieillissement du corps acc\u00e9l\u00e8re vraiment"},"content":{"rendered":"<p class=\"rev-margin-0 rev-text-sm-bold\">La r\u00e9daction n&rsquo;a pas particip\u00e9 \u00e0 la r\u00e9alisation de ce contenu<\/p>\n<p>Des \u00e9tudes approfondies, incluant des analyses prot\u00e9omiques men\u00e9es par l&rsquo;<strong>Acad\u00e9mie chinoise des sciences<\/strong> et publi\u00e9es dans <strong>Cell<\/strong>, mettent en lumi\u00e8re un changement biologique majeur autour de la cinquantaine. Ce \u00ab\u00a0<strong>saut biologique<\/strong>\u00a0\u00bb ne se manifeste pas par une progression graduelle, mais par des paliers distincts marquant des moments de crise biologique.<\/p>\n<p>Cette d\u00e9couverte \u00e9claire particuli\u00e8rement la vuln\u00e9rabilit\u00e9 accrue de certains organes tels que l\u2019aorte, le pancr\u00e9as et la rate, soulignant l&rsquo;importance de strat\u00e9gies de pr\u00e9vention cibl\u00e9es. En cartographiant le vieillissement \u00e0 l&rsquo;\u00e9chelle prot\u00e9omique, les scientifiques ouvrent la voie \u00e0 des approches personnalis\u00e9es pour retarder les alt\u00e9rations du corps et optimiser la sant\u00e9. Comprendre ce tournant autour de 50 ans permet d&rsquo;anticiper les <strong>pathologies associ\u00e9es<\/strong> et de promouvoir une hygi\u00e8ne de vie adapt\u00e9e, offrant ainsi une perspective optimiste pour aborder le vieillissement avec s\u00e9r\u00e9nit\u00e9 et pr\u00e9paration.<\/p>\n<p>Quand le corps humain acc\u00e9l\u00e8re-t-il vraiment son d\u00e9clin ?<\/p>\n<p>Le concept traditionnel du vieillissement pr\u00e9voyait une d\u00e9gradation progressive des fonctions corporelles. Cependant, des \u00e9tudes r\u00e9centes r\u00e9v\u00e8lent qu\u2019un corps humain peut traverser un <strong>\u00e2ge charni\u00e8re<\/strong> o\u00f9 le vieillissement s&rsquo;acc\u00e9l\u00e8re de mani\u00e8re notable. Cette acc\u00e9l\u00e9ration se situe principalement autour de la cinquantaine, une p\u00e9riode souvent consid\u00e9r\u00e9e comme un simple passage vers la maturit\u00e9 avanc\u00e9e.<\/p>\n<p>Les recherches montrent que les changements ne sont pas uniformes, mais plut\u00f4t ponctu\u00e9s par des <strong>phases de crise biologique<\/strong>. Par exemple, des alt\u00e9rations significatives des vaisseaux sanguins, incluant l\u2019aorte, commencent \u00e0 \u00e9merger plus t\u00f4t, parfois d\u00e8s la trentaine, mais c&rsquo;est l&rsquo;acc\u00e9l\u00e9ration globale qui se produit autour de 50 ans. Cette phase correspond \u00e0 une d\u00e9synchronisation des rythmes de vieillissement entre diff\u00e9rents organes, amplifiant le d\u00e9clin corporel.<\/p>\n<p>Les donn\u00e9es recueillies par l\u2019<strong>Acad\u00e9mie chinoise des sciences<\/strong> confirment cette transition critique, soulignant l&rsquo;importance d&rsquo;intervenir avant que ces changements ne compromettent la sant\u00e9 g\u00e9n\u00e9rale.<\/p>\n<p>\u00c9tudes scientifiques r\u00e9centes : analyse prot\u00e9omique et identification du saut biologique autour de 50 ans<\/p>\n<p>L\u2019analyse prot\u00e9omique, technique permettant l\u2019\u00e9tude approfondie des <strong>prot\u00e9ines <\/strong>pr\u00e9sentes dans les tissus, s&rsquo;est r\u00e9v\u00e9l\u00e9e essentielle pour identifier les m\u00e9canismes sous-jacents au vieillissement acc\u00e9l\u00e9r\u00e9. En comparant la composition prot\u00e9ique de diff\u00e9rents organes chez des donneurs de divers \u00e2ges, les chercheurs ont pu d\u00e9tecter un changement brusque vers un vieillissement plus rapide autour de 50 ans.<\/p>\n<p>Cette approche multi-syst\u00e8mes examine la vascularisation, l\u2019immunit\u00e9, le syst\u00e8me digestif et d\u2019autres aspects essentiels du <strong>corps<\/strong>, fournissant une vision holistique des alt\u00e9rations biologiques. Les publications dans le journal <strong>Cell <\/strong>ont mis en \u00e9vidence des marqueurs objectifs, tels que des modifications sp\u00e9cifiques des prot\u00e9ines, qui servent de signaux fiables du d\u00e9but de cette phase acc\u00e9l\u00e9r\u00e9e.<\/p>\n<p>Ces d\u00e9couvertes sont corrobor\u00e9es par des recherches en Chine, o\u00f9 des \u00e9tudes similaires ont \u00e9t\u00e9 r\u00e9alis\u00e9es ind\u00e9pendamment, <strong>renfor\u00e7ant ainsi la validit\u00e9 de ces r\u00e9sultats<\/strong> \u00e0 l\u2019\u00e9chelle globale.<\/p>\n<p>Vieillissement acc\u00e9l\u00e9r\u00e9 : remodelage prot\u00e9omique, r\u00f4le de la prot\u00e9ine GAS6 et vuln\u00e9rabilit\u00e9 des organes cl\u00e9s \u00e0 la cinquantaine<\/p>\n<p>Le terme de<strong> remodelage prot\u00e9omique<\/strong> d\u00e9signe les transformations profondes de la composition prot\u00e9ique dans les organes, un facteur cl\u00e9 du vieillissement acc\u00e9l\u00e9r\u00e9. Parmi les prot\u00e9ines identifi\u00e9es, la prot\u00e9ine GAS6 joue un r\u00f4le central en tant qu\u2019acc\u00e9l\u00e9ratrice des processus de vieillissement tissulaire. Son augmentation statique contribue \u00e0 des pathologies telles que les troubles cardiovasculaires, les fibroses et certains cancers, affectant ainsi gravement la sant\u00e9 du <strong>corps<\/strong>.<\/p>\n<p>Les organes comme le pancr\u00e9as et la rate montrent une sensibilit\u00e9 particuli\u00e8re \u00e0 ces changements, avec une<strong> d\u00e9t\u00e9rioration plus rapide<\/strong> de leurs fonctions apr\u00e8s 50 ans. Cette vuln\u00e9rabilit\u00e9 accrue s&rsquo;explique par une d\u00e9synchronisation des rythmes de renouvellement cellulaire et une augmentation du stress oxydatif.<\/p>\n<p>Des exp\u00e9riences animales, notamment avec des souris inject\u00e9es avec les prot\u00e9ines de sujets \u00e2g\u00e9s, ont d\u00e9montr\u00e9 des alt\u00e9rations physiques et des <strong>biomarqueurs similaires<\/strong> \u00e0 ceux observ\u00e9s chez les humains, validant ainsi le parall\u00e8le entre les deux esp\u00e8ces et la pertinence de ces d\u00e9couvertes pour la biologie humaine.<\/p>\n<p><strong>Atlas du vieillissement : implications pour le d\u00e9pistage, la pr\u00e9vention et les strat\u00e9gies anti-\u00e2ge personnalis\u00e9es<\/strong><\/p>\n<p>La construction d&rsquo;un atlas du vieillissement \u00e0 l&rsquo;\u00e9chelle prot\u00e9omique repr\u00e9sente une avanc\u00e9e majeure pour la m\u00e9decine personnalis\u00e9e. En cartographiant les changements prot\u00e9iques organes par organes, les scientifiques peuvent affiner l\u2019\u00e9valuation de l&rsquo;\u00e2ge biologique de chaque individu, ind\u00e9pendamment de son \u00e2ge chronologique. Cette d\u00e9marche permet d\u2019identifier les organes les plus vuln\u00e9rables et de mettre en place des strat\u00e9gies de <strong>pr\u00e9vention <\/strong>cibl\u00e9es, adapt\u00e9es \u00e0 chaque profil.<\/p>\n<p>Les donn\u00e9es issues de cette recherche facilitent le d\u00e9pistage pr\u00e9coce des pathologies li\u00e9es au vieillissement, offrant des interventions m\u00e9dicales personnalis\u00e9es pour retarder ou limiter l&rsquo;impact des alt\u00e9rations du <strong>corps<\/strong>. Par exemple, en surveillant les modifications de la prot\u00e9ine GAS6, il devient possible de pr\u00e9venir les maladies cardiovasculaires avant qu&rsquo;elles ne se manifestent cliniquement.<\/p>\n<p>De plus, ces connaissances dynamisent le d\u00e9veloppement de th\u00e9rapies anti-\u00e2ge innovantes, mettant l\u2019accent sur une approche proactive de la sant\u00e9. En comprenant mieux ces moments charni\u00e8res, chacun peut adopter une hygi\u00e8ne de vie optimis\u00e9e et envisager la cinquantaine avec anticipation et s\u00e9r\u00e9nit\u00e9, transformant ainsi le vieillissement en une phase g\u00e9rable et positive de la vie.<\/p>\n<p><strong>R\u00e9f\u00e9rence <\/strong>:<\/p>\n<p>https:\/\/www.cell.com\/cell\/abstract\/S0092-8674(25)00749-4?_returnURL=https%3A%2F%2Flinkinghub.elsevier.com%2Fretrieve%2Fpii%2FS0092867425007494%3Fshowall%3Dtrue<\/p>\n","protected":false},"excerpt":{"rendered":"La r\u00e9daction n&rsquo;a pas particip\u00e9 \u00e0 la r\u00e9alisation de ce contenu Des \u00e9tudes approfondies, incluant des analyses prot\u00e9omiques&hellip;\n","protected":false},"author":2,"featured_media":346359,"comment_status":"","ping_status":"","sticky":false,"template":"","format":"standard","meta":{"footnotes":""},"categories":[10],"tags":[17,27774,48243,7078,1011,27,72,48242,28009,2043,71,96],"class_list":{"0":"post-346358","1":"post","2":"type-post","3":"status-publish","4":"format-standard","5":"has-post-thumbnail","7":"category-sante","8":"tag-17","9":"tag-auquel","10":"tag-charniere","11":"tag-etude","12":"tag-fr","13":"tag-france","14":"tag-health","15":"tag-identifie","16":"tag-lage","17":"tag-nouvelle","18":"tag-sante","19":"tag-une"},"share_on_mastodon":{"url":"https:\/\/pubeurope.com\/@fr\/115097866303315057","error":""},"_links":{"self":[{"href":"https:\/\/www.europesays.com\/fr\/wp-json\/wp\/v2\/posts\/346358","targetHints":{"allow":["GET"]}}],"collection":[{"href":"https:\/\/www.europesays.com\/fr\/wp-json\/wp\/v2\/posts"}],"about":[{"href":"https:\/\/www.europesays.com\/fr\/wp-json\/wp\/v2\/types\/post"}],"author":[{"embeddable":true,"href":"https:\/\/www.europesays.com\/fr\/wp-json\/wp\/v2\/users\/2"}],"replies":[{"embeddable":true,"href":"https:\/\/www.europesays.com\/fr\/wp-json\/wp\/v2\/comments?post=346358"}],"version-history":[{"count":0,"href":"https:\/\/www.europesays.com\/fr\/wp-json\/wp\/v2\/posts\/346358\/revisions"}],"wp:featuredmedia":[{"embeddable":true,"href":"https:\/\/www.europesays.com\/fr\/wp-json\/wp\/v2\/media\/346359"}],"wp:attachment":[{"href":"https:\/\/www.europesays.com\/fr\/wp-json\/wp\/v2\/media?parent=346358"}],"wp:term":[{"taxonomy":"category","embeddable":true,"href":"https:\/\/www.europesays.com\/fr\/wp-json\/wp\/v2\/categories?post=346358"},{"taxonomy":"post_tag","embeddable":true,"href":"https:\/\/www.europesays.com\/fr\/wp-json\/wp\/v2\/tags?post=346358"}],"curies":[{"name":"wp","href":"https:\/\/api.w.org\/{rel}","templated":true}]}}