{"id":346360,"date":"2025-08-27T00:20:16","date_gmt":"2025-08-27T00:20:16","guid":{"rendered":"https:\/\/www.europesays.com\/fr\/346360\/"},"modified":"2025-08-27T00:20:16","modified_gmt":"2025-08-27T00:20:16","slug":"paphos-et-bodo-glimt-rejoignent-la-phase-de-ligue-c1-barrages","status":"publish","type":"post","link":"https:\/\/www.europesays.com\/fr\/346360\/","title":{"rendered":"Paphos et Bod\u00f8\/Glimt rejoignent la phase de ligue &#8211; C1 &#8211; Barrages"},"content":{"rendered":"<p>Au bon souvenir de l\u2019APOEL Nicosie.<\/p>\n<p>Le football chypriote sera bien repr\u00e9sent\u00e9 en Ligue des champions cette saison. <strong>Paphos a d\u00e9jou\u00e9 les pronostics en \u00e9liminant l\u2019\u00c9toile rouge de Belgrade<\/strong> mardi (1-1). En bonne position apr\u00e8s sa victoire \u00e0 l\u2019aller (1-2), <strong>le champion de Chypre a bien failli \u00eatre pouss\u00e9 en prolongation<\/strong>, la faute au but de Mirko Ivanic (60e). <strong>Jaja \u2013 le Br\u00e9silien, pas l\u2019ancien coureur cycliste \u2013 a cependant \u00e9galis\u00e9 in extremis<\/strong> pour assurer la qualification des siens (90e). Une belle claque pour l\u2019\u00c9toile rouge, mais pas une grosse perte au regard de sa 29e place la saison pass\u00e9e.<\/p>\n<p>Dans le m\u00eame temps, <strong>Bod\u00f8\/Glimt a fini le travail contre le Sturm Graz<\/strong>. Vainqueur 5-0 \u00e0 l\u2019aller, le club norv\u00e9gien s\u2019est content\u00e9 de g\u00e9rer et a subi une d\u00e9faite sans cons\u00e9quence (2-1). Demi-finaliste de la Ligue Europa la saison pass\u00e9e, Bod\u00f8\/Glimt d\u00e9couvrira donc la Ligue des champions. Le douloureux souvenir du <strong>barrage perdu face au Dinamo Zagreb en 2022<\/strong>\u00a0n\u2019est plus qu\u2019un mauvais souvenir.<\/p>\n<p>Almaty, Paphos, Bod\u00f8\/Glimt : les petits nouveaux ont la cote !<\/p>\n<p>\t\t\t\t\t\t\t\t\t\t<a class=\"lien-connexe\" href=\"https:\/\/www.sofoot.com\/breves\/ligue-des-champions-monaco-condamne-au-chapeau-4-pour-le-tirage-au-sort-de-jeudi-apres-la-qualification-de-bodo-glimt\" rel=\"nofollow noopener\" target=\"_blank\">Monaco condamn\u00e9 au chapeau 4 pour le tirage<\/a>\t\t\t\t\t<\/p>\n","protected":false},"excerpt":{"rendered":"Au bon souvenir de l\u2019APOEL Nicosie. Le football chypriote sera bien repr\u00e9sent\u00e9 en Ligue des champions cette saison.&hellip;\n","protected":false},"author":2,"featured_media":346361,"comment_status":"","ping_status":"","sticky":false,"template":"","format":"standard","meta":{"footnotes":""},"categories":[9],"tags":[47,61,69,65,64,63,1011,27,68,66,62,70,67,60],"class_list":{"0":"post-346360","1":"post","2":"type-post","3":"status-publish","4":"format-standard","5":"has-post-thumbnail","7":"category-sports","8":"tag-actualite","9":"tag-actus-football","10":"tag-bundesliga","11":"tag-championnats-europeens","12":"tag-equipe-de-france","13":"tag-football","14":"tag-fr","15":"tag-france","16":"tag-ligua","17":"tag-ligue-1","18":"tag-news-foot","19":"tag-premier-league","20":"tag-serie-a","21":"tag-sports"},"share_on_mastodon":{"url":"https:\/\/pubeurope.com\/@fr\/115097870452702856","error":""},"_links":{"self":[{"href":"https:\/\/www.europesays.com\/fr\/wp-json\/wp\/v2\/posts\/346360","targetHints":{"allow":["GET"]}}],"collection":[{"href":"https:\/\/www.europesays.com\/fr\/wp-json\/wp\/v2\/posts"}],"about":[{"href":"https:\/\/www.europesays.com\/fr\/wp-json\/wp\/v2\/types\/post"}],"author":[{"embeddable":true,"href":"https:\/\/www.europesays.com\/fr\/wp-json\/wp\/v2\/users\/2"}],"replies":[{"embeddable":true,"href":"https:\/\/www.europesays.com\/fr\/wp-json\/wp\/v2\/comments?post=346360"}],"version-history":[{"count":0,"href":"https:\/\/www.europesays.com\/fr\/wp-json\/wp\/v2\/posts\/346360\/revisions"}],"wp:featuredmedia":[{"embeddable":true,"href":"https:\/\/www.europesays.com\/fr\/wp-json\/wp\/v2\/media\/346361"}],"wp:attachment":[{"href":"https:\/\/www.europesays.com\/fr\/wp-json\/wp\/v2\/media?parent=346360"}],"wp:term":[{"taxonomy":"category","embeddable":true,"href":"https:\/\/www.europesays.com\/fr\/wp-json\/wp\/v2\/categories?post=346360"},{"taxonomy":"post_tag","embeddable":true,"href":"https:\/\/www.europesays.com\/fr\/wp-json\/wp\/v2\/tags?post=346360"}],"curies":[{"name":"wp","href":"https:\/\/api.w.org\/{rel}","templated":true}]}}