{"id":346365,"date":"2025-08-27T00:22:13","date_gmt":"2025-08-27T00:22:13","guid":{"rendered":"https:\/\/www.europesays.com\/fr\/346365\/"},"modified":"2025-08-27T00:22:13","modified_gmt":"2025-08-27T00:22:13","slug":"les-parents-dun-adolescent-suicide-accusent-chatgpt-de-lavoir-assiste","status":"publish","type":"post","link":"https:\/\/www.europesays.com\/fr\/346365\/","title":{"rendered":"les parents d\u2019un adolescent suicid\u00e9 accusent ChatGPT de l\u2019avoir assist\u00e9"},"content":{"rendered":"<p>D\u2019apr\u00e8s les parents, qui ont d\u00e9pos\u00e9 plainte contre OpenAI, leur fils a entretenu une relation intime avec ChatGPT pendant plusieurs mois avant qu\u2019il ne se donne la mort.<\/p>\n<p class=\"fig-paragraph\">Les parents d&rsquo;un adolescent californien de 16 ans qui s&rsquo;est suicid\u00e9 ont port\u00e9\u00a0<a href=\"http:\/\/www.lefigaro.fr\/secteur\/high-tech\/intelligence-artificielle-elon-musk-porte-plainte-contre-apple-et-openai-20250825\" data-fig-type=\"NewsFlash\" data-gtm-custom-categorie=\"navigation\" data-gtm-custom-action=\"crossclick\" data-gtm-custom-label=\"Contextuel\" data-gtm-event=\"customEventSPE\" data-fig-domain=\"LEFIGARO\" target=\"_blank\" rel=\"noopener\">plainte contre OpenAI<\/a>, accusant son assistant IA ChatGPT d&rsquo;avoir fourni \u00e0 leur fils des instructions d\u00e9taill\u00e9es pour mettre fin \u00e0 ses jours et d&rsquo;avoir encourag\u00e9 son geste. Matthew et Maria Raine affirment dans une plainte d\u00e9pos\u00e9e lundi \u00e0 San Francisco\u00a0<a href=\"http:\/\/www.lefigaro.fr\/decideurs\/management\/chatgpt-5-j-ai-teste-la-creation-d-un-planning-d-equipe-complexe-avec-la-derniere-version-de-l-ia-d-openai-20250808\" data-fig-type=\"Article\" data-gtm-custom-categorie=\"navigation\" data-gtm-custom-action=\"crossclick\" data-gtm-custom-label=\"Contextuel\" data-gtm-event=\"customEventSPE\" data-fig-domain=\"LEFIGARO\" target=\"_blank\" rel=\"noopener\">que ChatGPT<\/a>\u00a0a entretenu une relation intime avec leur fils Adam durant plusieurs mois en 2024 et 2025, avant qu&rsquo;il ne se donne la mort.<\/p>\n<p class=\"fig-paragraph\">Selon le document consult\u00e9 par l&rsquo;AFP, lors de leur dernier \u00e9change le 11 avril 2025, ChatGPT aurait aid\u00e9 Adam \u00e0 d\u00e9rober de la vodka chez ses parents et fourni une analyse technique du n\u0153ud coulant qu&rsquo;il avait r\u00e9alis\u00e9, confirmant qu&rsquo;il \u00abpouvait potentiellement suspendre un \u00eatre humain\u00bb. Adam a \u00e9t\u00e9 retrouv\u00e9 mort quelques heures plus tard, ayant utilis\u00e9 cette m\u00e9thode.<\/p>\n<p>                                    <a class=\"fig-a11y-skip a11y-hidden\" href=\"#fig-a11y-skip-main-inarticle\"><br \/>\n        Passer la publicit\u00e9<br \/>\n    <\/a><\/p>\n<p class=\"fig-paragraph\">\u00abCe drame n&rsquo;est pas un bug ou un cas impr\u00e9vu\u00bb, selon la plainte. \u00abChatGPT fonctionnait exactement comme con\u00e7u\u00a0: il encourageait et validait en permanence tout ce qu&rsquo;Adam exprimait, y compris ses pens\u00e9es les plus dangereuses et autodestructrices, d&rsquo;une mani\u00e8re qui paraissait profond\u00e9ment personnelle.\u00bb<\/p>\n<p>\u00abCoach suicide\u00bb<\/p>\n<p class=\"fig-paragraph\">Les parents expliquent qu&rsquo;Adam avait commenc\u00e9 \u00e0 utiliser ChatGPT pour l&rsquo;aider \u00e0 faire ses devoirs avant de d\u00e9velopper progressivement une \u00abd\u00e9pendance malsaine\u00bb. La plainte cite des extraits de conversations o\u00f9 ChatGPT aurait affirm\u00e9 \u00e0 l&rsquo;adolescent \u00abtu ne dois la survie \u00e0 personne\u00bb et propos\u00e9 de l&rsquo;aider \u00e0 r\u00e9diger sa lettre d&rsquo;adieu. Matthew et Maria Raine r\u00e9clament des dommages et int\u00e9r\u00eats et demandent au tribunal d&rsquo;imposer des mesures de s\u00e9curit\u00e9, notamment l&rsquo;interruption automatique de toute conversation portant sur l&rsquo;automutilation et la mise en place de contr\u00f4les parentaux pour les mineurs.<\/p>\n<p class=\"fig-paragraph\">Amener les entreprises d&rsquo;IA \u00e0 prendre la s\u00e9curit\u00e9 au s\u00e9rieux \u00abn\u00e9cessite une pression ext\u00e9rieure, qui prend la forme d&rsquo;une mauvaise publicit\u00e9, de la menace l\u00e9gislative et du risque judiciaire\u00bb, a d\u00e9clar\u00e9 \u00e0 l&rsquo;AFP Meetali Jain, pr\u00e9sidente du Tech Justice Law Project, une ONG qui repr\u00e9sente les parents en plus de leurs avocats. L&rsquo;organisation est \u00e9galement co-conseil dans deux affaires similaires visant Character.AI, une plateforme d&rsquo;IA conversationnelle pris\u00e9e des adolescents.<\/p>\n<p class=\"fig-paragraph\">Pour l&rsquo;ONG am\u00e9ricaine Common Sense Media, la plainte d\u00e9pos\u00e9e mardi contre OpenAI confirme que \u00abl&rsquo;utilisation de l&rsquo;IA \u00e0 des fins de compagnie, y compris les assistants g\u00e9n\u00e9ralistes comme ChatGPT pour des conseils en sant\u00e9 mentale, constitue un risque inacceptable pour les adolescents\u00bb. \u00abSi une plateforme d&rsquo;IA devient le \u201ccoach suicide\u201d d&rsquo;un adolescent vuln\u00e9rable, cela doit nous alerter collectivement\u00bb, a ajout\u00e9 l&rsquo;organisation.<\/p>\n","protected":false},"excerpt":{"rendered":"D\u2019apr\u00e8s les parents, qui ont d\u00e9pos\u00e9 plainte contre OpenAI, leur fils a entretenu une relation intime avec ChatGPT&hellip;\n","protected":false},"author":2,"featured_media":346366,"comment_status":"","ping_status":"","sticky":false,"template":"","format":"standard","meta":{"footnotes":""},"categories":[7],"tags":[141,73,1011,27,43,40,41,39,5748,42,44],"class_list":{"0":"post-346365","1":"post","2":"type-post","3":"status-publish","4":"format-standard","5":"has-post-thumbnail","7":"category-sciences-et-technologies","8":"tag-chatgpt","9":"tag-etats-unis","10":"tag-fr","11":"tag-france","12":"tag-science","13":"tag-science-and-technology","14":"tag-sciences","15":"tag-sciences-et-technologies","16":"tag-suicide","17":"tag-technologies","18":"tag-technology"},"share_on_mastodon":{"url":"https:\/\/pubeurope.com\/@fr\/115097878136492210","error":""},"_links":{"self":[{"href":"https:\/\/www.europesays.com\/fr\/wp-json\/wp\/v2\/posts\/346365","targetHints":{"allow":["GET"]}}],"collection":[{"href":"https:\/\/www.europesays.com\/fr\/wp-json\/wp\/v2\/posts"}],"about":[{"href":"https:\/\/www.europesays.com\/fr\/wp-json\/wp\/v2\/types\/post"}],"author":[{"embeddable":true,"href":"https:\/\/www.europesays.com\/fr\/wp-json\/wp\/v2\/users\/2"}],"replies":[{"embeddable":true,"href":"https:\/\/www.europesays.com\/fr\/wp-json\/wp\/v2\/comments?post=346365"}],"version-history":[{"count":0,"href":"https:\/\/www.europesays.com\/fr\/wp-json\/wp\/v2\/posts\/346365\/revisions"}],"wp:featuredmedia":[{"embeddable":true,"href":"https:\/\/www.europesays.com\/fr\/wp-json\/wp\/v2\/media\/346366"}],"wp:attachment":[{"href":"https:\/\/www.europesays.com\/fr\/wp-json\/wp\/v2\/media?parent=346365"}],"wp:term":[{"taxonomy":"category","embeddable":true,"href":"https:\/\/www.europesays.com\/fr\/wp-json\/wp\/v2\/categories?post=346365"},{"taxonomy":"post_tag","embeddable":true,"href":"https:\/\/www.europesays.com\/fr\/wp-json\/wp\/v2\/tags?post=346365"}],"curies":[{"name":"wp","href":"https:\/\/api.w.org\/{rel}","templated":true}]}}