{"id":346371,"date":"2025-08-27T00:25:11","date_gmt":"2025-08-27T00:25:11","guid":{"rendered":"https:\/\/www.europesays.com\/fr\/346371\/"},"modified":"2025-08-27T00:25:11","modified_gmt":"2025-08-27T00:25:11","slug":"retranche-a-sete-un-forcene-tire-sur-les-policiers-le-raid-est-engage","status":"publish","type":"post","link":"https:\/\/www.europesays.com\/fr\/346371\/","title":{"rendered":"retranch\u00e9 \u00e0 S\u00e8te, un forcen\u00e9 tire sur les policiers, le Raid est engag\u00e9"},"content":{"rendered":"<p>            Par<br \/>\n        <strong><br \/>\n            <a href=\"https:\/\/actu.fr\/auteur\/jm-aubert\" title=\"Consulter tous les articles de Jean-Marc Aubert\" rel=\"nofollow noopener\" target=\"_blank\">Jean-Marc Aubert<\/a><br \/>\n        <\/strong><\/p>\n<p>        Publi\u00e9 le<\/p>\n<p>            26 ao\u00fbt 2025 \u00e0 19h40<br \/>\n        ; mis \u00e0 jour le 26 ao\u00fbt 2025 \u00e0 22h48    <\/p>\n<p><strong>\/ DERNI\u00c8RE MINUTE \/<\/strong><\/p>\n<p class=\" wall-content\">Un homme est retranch\u00e9 \u00e0 son domicile de l\u2019Ile de Thau, ce mardi 26 ao\u00fbt 2025 au soir, \u00e0 <strong>S\u00e8te<\/strong>. Il a tir\u00e9 sur les policiers, le <strong>Raid<\/strong> est engag\u00e9. il a \u00e9t\u00e9 interpell\u00e9 vers 21h30.<\/p>\n<p>    <a href=\"https:\/\/www.google.com\/maps\/embed?pb=!1m18!1m12!1m3!1d4257.971157359378!2d3.6649255633270013!3d43.414265790857456!2m3!1f0!2f0!3f0!3m2!1i1024!2i768!4f13.1!3m3!1m2!1s0x12b135e3595102d5%3A0xd3c90974907ff8b3!2sPl.%20du%20Bouliechou%2C%2034200%20S%C3%A8te!5e0!3m2!1sfr!2sfr!4v1756230325987!5m2!1sfr!2sfr\" title=\"Ouvrie le lien\" rel=\"nofollow noopener\" target=\"_blank\">Cliquez ici pour visualiser le contenu<\/a><\/p>\n<p class=\" wall-content\">Selon nos informations, le forcen\u00e9 n\u2019aurait pas touch\u00e9 les policiers qui sont intervenus les premiers, d\u2019abord dans la rue, puis dans une r\u00e9sidence de la rue Bouliechou, \u00e0 l\u2019angle de la rue du Lamparo. Il est retranch\u00e9 dans la Zup, sans que les policiers ne sachent combien il poss\u00e8de d\u2019armes et de munitions, ni le mobile de son geste. Il pourrait s\u2019agir d\u2019un violent<strong> diff\u00e9rend de voisinage<\/strong> ayant d\u00e9g\u00e9n\u00e9r\u00e9.<\/p>\n<p class=\" wall-content\">Son \u00e2ge n\u2019est \u00e9galement pas connu pour l\u2019heure, mais, selon une source polici\u00e8re \u00e0 <strong>M\u00e9tropolitain<\/strong>, \u00ab\u00a0ce n\u2019est ni un d\u00e9linquant et encore moins un terroriste, mais c\u2019est un locataire en souffrance qui suit un traitement m\u00e9dical\u00a0\u00bb.<\/p>\n<p class=\" wall-content\">Ce sont des policiers de la Bac -brigade anti-criminalit\u00e9- qui ont \u00e9t\u00e9 vis\u00e9s, alors que l\u2019individu tirait des coups de feu dans la rue, \u00e0 17h10. Des CRS sont arriv\u00e9s en renfort des effectifs de la police nationale (commissariats de S\u00e8te, Montpellier, Agde et B\u00e9ziers) et municipale.<\/p>\n<p>Vid\u00e9os : en ce moment sur Actu<\/p>\n<p class=\" wall-content\">Les policiers d\u2019\u00e9lite du Raid de l\u2019antenne de Montpellier sont arriv\u00e9s sur zone \u00e0 18h, avec un n\u00e9gociateur, le <strong>pr\u00e9fet de l\u2019H\u00e9rault, <\/strong>Fran\u00e7ois-Xavier Lauch\u00a0est en route, ainsi que le contr\u00f4leur g\u00e9n\u00e9ral Beno\u00eet Desmartin directeur de la\u00a0<strong>DIPN 34 <\/strong>et les sapeurs-pompiers du <strong>Sdis 34<\/strong>, avec le contr\u00f4leur g\u00e9n\u00e9ral Eric Flores, directeur en t\u00eate.<\/p>\n<p class=\" wall-content\">Un PC a \u00e9t\u00e9 install\u00e9 \u00e0 proximit\u00e9 de la place Bouliechou, o\u00f9 stationnent des ambulances des pompiers et une \u00e9quipe m\u00e9dicale. Le maire de S\u00e8te, <strong>Herv\u00e9 Marquez<\/strong> est arriv\u00e9 sur place.<\/p>\n<p>Votre r\u00e9gion, votre actu !<\/p>\n<p>Recevez chaque jour les infos qui comptent pour vous.<\/p>\n<p>\t<a href=\"https:\/\/actu.fr\/newsletter\" class=\"ac-btn ac-btn--corner ac-btn--medium ac-btn--blue800\" rel=\"nofollow noopener\" target=\"_blank\">S&rsquo;incrire<\/a><\/p>\n<p class=\" wall-content\">\n<p class=\" wall-content\">Un p\u00e9rim\u00e8tre de s\u00e9curit\u00e9 a \u00e9t\u00e9 mis en place, tout le secteur est boucl\u00e9 par les forces de l\u2019ordre. Des locataires ont \u00e9t\u00e9 \u00e9vacu\u00e9s, entre quinze et vingt.<\/p>\n<p class=\" wall-content\"><strong>\/ MISE \u00c0 JOUR \/<\/strong><\/p>\n<p class=\" wall-content\">Le forcen\u00e9 a \u00e9t\u00e9 interpell\u00e9 \u00ab\u00a0en douceur\u00a0\u00bb vers 21h30 par le Raid, apr\u00e8s de longs \u00e9changes destin\u00e9s \u00e0 une reddition sans incident. Il serait alcoolis\u00e9. Il est examin\u00e9 par des m\u00e9decins, en pr\u00e9sence d\u2019un magistrat du parquet de Montpellier, qui a supervis\u00e9 les n\u00e9gociations. \u00c2g\u00e9 de 39 ans, connu des services de police de la ville et pour de lourds ant\u00e9c\u00e9dents, notamment psychiatrique, il \u00e9tait allong\u00e9 au sol quand les policiers d\u2019\u00e9lite ont p\u00e9n\u00e9tr\u00e9 dans le logement par la porte d\u2019entr\u00e9e, semble t-il non verrouill\u00e9e. Le forcen\u00e9 avait refus\u00e9 de donner suite aux n\u00e9gociations. Une arme et des munitions ont \u00e9t\u00e9 saisies. D\u00e8s que son \u00e9tat de sant\u00e9 le permettra, il sera plac\u00e9 en garde \u00e0 vue.<\/p>\n<p class=\" wall-content\">Ce soir, le <strong>syndicat Alliance Police Nationale de l\u2019H\u00e9rault<\/strong> confirme que, \u00ab\u00a0de\u0300s leur arrive\u0301e rue de Lamparo pour un diff\u00e9rend de voisinage avec un arme arm\u00e9, les policiers ont e\u0301te\u0301 pris pour cible par des tirs. Un pe\u0301rime\u0300tre de se\u0301curite\u0301 a e\u0301te\u0301 imme\u0301diatement e\u0301tabli et des renforts ont e\u0301te\u0301 de\u0301pe\u0302che\u0301s.\u00a0Les forces de l\u2019ordre ont de nouveau essuye\u0301 des tirs, entrai\u0302nant une riposte d\u2019un policier a\u0300 l\u2019aide d\u2019une arme \u00e0 feu de type G36. L\u2019intervenon du Raid a permis l\u2019interpellaon de l\u2019individu, apre\u0300s plus de quatre heures d\u2019intervention.\u00a0Alliance Police Naonale 34 rend hommage a\u0300 l\u2019ensemble des forces de l\u2019ordre engage\u0301 sur ce8e ope\u0301raon et souligne leur professionnalisme, leur discernement et leur courage\u00a0\u00bb.<\/p>\n<p class=\" wall-content\"><strong>&gt; Plus d\u2019informations \u00e0 suivre<\/strong><\/p>\n<p class=\" wall-content\">Personnalisez votre actualit\u00e9 en ajoutant vos villes et m\u00e9dias en favori avec <a href=\"https:\/\/moncompte.actu.fr\" title=\"D\u00e9couvez Mon Actu\" rel=\"nofollow noopener\" data-trk=\"{&quot;cta&quot;:{&quot;action&quot;:&quot;https:\\\/\\\/moncompte.actu.fr&quot;,&quot;category&quot;:&quot;mon compte&quot;,&quot;from&quot;:&quot;article footer&quot;,&quot;name&quot;:&quot;Mon actu&quot;,&quot;type&quot;:&quot;cta&quot;}}\" target=\"_blank\">Mon Actu<\/a>.<\/p>\n","protected":false},"excerpt":{"rendered":"Par Jean-Marc Aubert Publi\u00e9 le 26 ao\u00fbt 2025 \u00e0 19h40 ; mis \u00e0 jour le 26 ao\u00fbt 2025&hellip;\n","protected":false},"author":2,"featured_media":346372,"comment_status":"","ping_status":"","sticky":false,"template":"","format":"standard","meta":{"footnotes":""},"categories":[4],"tags":[11,118,1011,27,12,1072,8989,25],"class_list":{"0":"post-346371","1":"post","2":"type-post","3":"status-publish","4":"format-standard","5":"has-post-thumbnail","7":"category-france","8":"tag-actualites","9":"tag-faits-divers","10":"tag-fr","11":"tag-france","12":"tag-news","13":"tag-police","14":"tag-raid","15":"tag-republique-francaise"},"share_on_mastodon":{"url":"https:\/\/pubeurope.com\/@fr\/115097889939888790","error":""},"_links":{"self":[{"href":"https:\/\/www.europesays.com\/fr\/wp-json\/wp\/v2\/posts\/346371","targetHints":{"allow":["GET"]}}],"collection":[{"href":"https:\/\/www.europesays.com\/fr\/wp-json\/wp\/v2\/posts"}],"about":[{"href":"https:\/\/www.europesays.com\/fr\/wp-json\/wp\/v2\/types\/post"}],"author":[{"embeddable":true,"href":"https:\/\/www.europesays.com\/fr\/wp-json\/wp\/v2\/users\/2"}],"replies":[{"embeddable":true,"href":"https:\/\/www.europesays.com\/fr\/wp-json\/wp\/v2\/comments?post=346371"}],"version-history":[{"count":0,"href":"https:\/\/www.europesays.com\/fr\/wp-json\/wp\/v2\/posts\/346371\/revisions"}],"wp:featuredmedia":[{"embeddable":true,"href":"https:\/\/www.europesays.com\/fr\/wp-json\/wp\/v2\/media\/346372"}],"wp:attachment":[{"href":"https:\/\/www.europesays.com\/fr\/wp-json\/wp\/v2\/media?parent=346371"}],"wp:term":[{"taxonomy":"category","embeddable":true,"href":"https:\/\/www.europesays.com\/fr\/wp-json\/wp\/v2\/categories?post=346371"},{"taxonomy":"post_tag","embeddable":true,"href":"https:\/\/www.europesays.com\/fr\/wp-json\/wp\/v2\/tags?post=346371"}],"curies":[{"name":"wp","href":"https:\/\/api.w.org\/{rel}","templated":true}]}}