{"id":346375,"date":"2025-08-27T00:28:22","date_gmt":"2025-08-27T00:28:22","guid":{"rendered":"https:\/\/www.europesays.com\/fr\/346375\/"},"modified":"2025-08-27T00:28:22","modified_gmt":"2025-08-27T00:28:22","slug":"ligue-2-lasse-refuse-75-milllions-deuros-pour-un-jeune-joueur","status":"publish","type":"post","link":"https:\/\/www.europesays.com\/fr\/346375\/","title":{"rendered":"Ligue 2. L&rsquo;ASSE refuse 7,5 milllions d&rsquo;euros pour un jeune joueur"},"content":{"rendered":"<p>Bien que bless\u00e9 \u00e0 la cuisse apr\u00e8s un souci contract\u00e9 pendant la pr\u00e9paration, Djylian N&rsquo;Guessan, jeune attaquant de l&rsquo;AS Saint-\u00c9tienne, attise les convoitises <a href=\"https:\/\/www.lequipe.fr\/Football\/Actualites\/Mercato-saint-etienne-bloque-djylian-n-guessan-malgre-une-offre-de-7-5-m-et-8364\/1587466\" target=\"_blank\" rel=\"noopener\">selon les informations de L&rsquo;\u00c9quipe<\/a>. \u00c0 bient\u00f4t 17 ans, le joueur li\u00e9 au club st\u00e9phanois jusqu&rsquo;en 2027 fait l&rsquo;objet de plusieurs offres.<\/p>\n<p><strong><a href=\"https:\/\/www.ledauphine.com\/sport\/2025\/08\/25\/ligue-2-sur-quelle-chaine-regarder-asse-gf38\" target=\"_blank\" rel=\"noopener\">&gt;&gt; Sur quelle cha\u00eene regarder ASSE-GF38 ?<\/a><\/strong><\/p>\n<p><strong>Une attaque pill\u00e9e ?\u00a0<\/strong><\/p>\n<p>La derni\u00e8re en date a \u00e9t\u00e9 d\u00e9pos\u00e9e sur le bureau des dirigeants lig\u00e9riens pas plus tard que la semaine derni\u00e8re. Le montant\u00a0? Pr\u00e8s de 7,5 millions d&rsquo;euros pour tenter d&rsquo;enr\u00f4ler la p\u00e9pite de l&rsquo;ASSE. Pas assez pour satisfaire le board for\u00e9zien qui l&rsquo;ont refus\u00e9 selon le quotidien fran\u00e7ais.<\/p>\n<p><a href=\"https:\/\/www.ledauphine.com\/sport\/calendrier-resultats\/football\/national-ligue-2\" target=\"_blank\" rel=\"noopener\"><strong>&gt;&gt;\u00a0Les r\u00e9sultats, le classement et le calendrier de Ligue 2<\/strong><\/a><\/p>\n<p>Apr\u00e8s Lucas Stassin ou encore Zuriko Davitashvili, voil\u00e0 les Verts, qui accueillent ce samedi (20 heures) le GF38, attaqu\u00e9s sur un nouveau dossier.<\/p>\n","protected":false},"excerpt":{"rendered":"Bien que bless\u00e9 \u00e0 la cuisse apr\u00e8s un souci contract\u00e9 pendant la pr\u00e9paration, Djylian N&rsquo;Guessan, jeune attaquant de&hellip;\n","protected":false},"author":2,"featured_media":346376,"comment_status":"","ping_status":"","sticky":false,"template":"","format":"standard","meta":{"footnotes":""},"categories":[9653],"tags":[1111,11,9443,2430,1777,674,1701,63,1011,27,12636,3367,23100,12,25,4001,517,1947],"class_list":{"0":"post-346375","1":"post","2":"type-post","3":"status-publish","4":"format-standard","5":"has-post-thumbnail","7":"category-saint-etienne","8":"tag-actu","9":"tag-actualites","10":"tag-asse-as-saint-etienne","11":"tag-auvergne-rhone-alpes","12":"tag-eu","13":"tag-europe","14":"tag-fil-info-sport","15":"tag-football","16":"tag-fr","17":"tag-france","18":"tag-ligue-2-football","19":"tag-loire","20":"tag-mercato-football","21":"tag-news","22":"tag-republique-francaise","23":"tag-saint-etienne","24":"tag-sport","25":"tag-sport-national"},"share_on_mastodon":{"url":"https:\/\/pubeurope.com\/@fr\/115097901657350709","error":""},"_links":{"self":[{"href":"https:\/\/www.europesays.com\/fr\/wp-json\/wp\/v2\/posts\/346375","targetHints":{"allow":["GET"]}}],"collection":[{"href":"https:\/\/www.europesays.com\/fr\/wp-json\/wp\/v2\/posts"}],"about":[{"href":"https:\/\/www.europesays.com\/fr\/wp-json\/wp\/v2\/types\/post"}],"author":[{"embeddable":true,"href":"https:\/\/www.europesays.com\/fr\/wp-json\/wp\/v2\/users\/2"}],"replies":[{"embeddable":true,"href":"https:\/\/www.europesays.com\/fr\/wp-json\/wp\/v2\/comments?post=346375"}],"version-history":[{"count":0,"href":"https:\/\/www.europesays.com\/fr\/wp-json\/wp\/v2\/posts\/346375\/revisions"}],"wp:featuredmedia":[{"embeddable":true,"href":"https:\/\/www.europesays.com\/fr\/wp-json\/wp\/v2\/media\/346376"}],"wp:attachment":[{"href":"https:\/\/www.europesays.com\/fr\/wp-json\/wp\/v2\/media?parent=346375"}],"wp:term":[{"taxonomy":"category","embeddable":true,"href":"https:\/\/www.europesays.com\/fr\/wp-json\/wp\/v2\/categories?post=346375"},{"taxonomy":"post_tag","embeddable":true,"href":"https:\/\/www.europesays.com\/fr\/wp-json\/wp\/v2\/tags?post=346375"}],"curies":[{"name":"wp","href":"https:\/\/api.w.org\/{rel}","templated":true}]}}