{"id":346380,"date":"2025-08-27T00:33:09","date_gmt":"2025-08-27T00:33:09","guid":{"rendered":"https:\/\/www.europesays.com\/fr\/346380\/"},"modified":"2025-08-27T00:33:09","modified_gmt":"2025-08-27T00:33:09","slug":"previsions-du-mercredi-27-aout-2025","status":"publish","type":"post","link":"https:\/\/www.europesays.com\/fr\/346380\/","title":{"rendered":"pr\u00e9visions du mercredi 27 ao\u00fbt 2025"},"content":{"rendered":"<p>Les nuages dans le ciel d&rsquo;aujourd&rsquo;hui g\u00eanent l&rsquo;arriv\u00e9e du soleil \u00e0 Montpellier. On anticipe des temp\u00e9ratures d&rsquo;environ 23\u00b0C. Il va pleuvoir le matin. Les valeurs s&rsquo;\u00e9chelonneront entre 22 et 25\u00b0C. Un vent de sud-est soufflera l\u00e9g\u00e8rement, avec 14 km\/h. Il faudra pr\u00e9voir des perturbations l&rsquo;apr\u00e8s-midi, les Montpelli\u00e9rains se retrouveront sous de la bruine \u00e9parse. Les temp\u00e9ratures seront comprises entre 23 et 24\u00b0C. On annonce des \u00e9claircies pour cette soir\u00e9e. Il fera 22\u00b0C en moyenne. Durant votre sommeil, dans la nuit de mercredi \u00e0 jeudi, le ciel sera pluvieux.<\/p>\n<p>Le soleil appara\u00eet l\u00e9g\u00e8rement demain. Ces \u00e9claircies devraient faire plaisir aux habitants de Montpellier. L&rsquo;air ambiant va se r\u00e9chauffer avec une hausse de quelques degr\u00e9s. Le thermom\u00e8tre affichera 24\u00b0C en moyenne. Un vent de nord-ouest rafra\u00eechira un peu l&rsquo;atmosph\u00e8re. Les valeurs s&rsquo;\u00e9chelonneront de 21 \u00e0 26\u00b0C sur l&rsquo;ensemble de la matin\u00e9e. Les temp\u00e9ratures vont conna\u00eetre une augmentation de quelques degr\u00e9s lors de l&rsquo;apr\u00e8s-midi. Les valeurs seront de 25\u00b0C au plus bas et de 28\u00b0C au maximum. Des \u00e9claircies sont pr\u00e9vues : on passera une soir\u00e9e agr\u00e9able. Les valeurs seront de 23\u00b0C.<\/p>\n<p>Les jours passent et ne changent pas. Il fera 27\u00b0C en moyenne pour des journ\u00e9es avec une m\u00e9t\u00e9o ensoleill\u00e9e.<\/p>\n<p><\/p>\n","protected":false},"excerpt":{"rendered":"Les nuages dans le ciel d&rsquo;aujourd&rsquo;hui g\u00eanent l&rsquo;arriv\u00e9e du soleil \u00e0 Montpellier. On anticipe des temp\u00e9ratures d&rsquo;environ 23\u00b0C.&hellip;\n","protected":false},"author":2,"featured_media":346381,"comment_status":"","ping_status":"","sticky":false,"template":"","format":"standard","meta":{"footnotes":""},"categories":[9599],"tags":[1111,11,1777,674,1011,27,7089,2681,2208,12,2680,2119,25],"class_list":{"0":"post-346380","1":"post","2":"type-post","3":"status-publish","4":"format-standard","5":"has-post-thumbnail","7":"category-montpellier","8":"tag-actu","9":"tag-actualites","10":"tag-eu","11":"tag-europe","12":"tag-fr","13":"tag-france","14":"tag-herault","15":"tag-languedoc-roussillon","16":"tag-montpellier","17":"tag-news","18":"tag-occitanie","19":"tag-previsions-meteo","20":"tag-republique-francaise"},"share_on_mastodon":{"url":"https:\/\/pubeurope.com\/@fr\/115097921341086713","error":""},"_links":{"self":[{"href":"https:\/\/www.europesays.com\/fr\/wp-json\/wp\/v2\/posts\/346380","targetHints":{"allow":["GET"]}}],"collection":[{"href":"https:\/\/www.europesays.com\/fr\/wp-json\/wp\/v2\/posts"}],"about":[{"href":"https:\/\/www.europesays.com\/fr\/wp-json\/wp\/v2\/types\/post"}],"author":[{"embeddable":true,"href":"https:\/\/www.europesays.com\/fr\/wp-json\/wp\/v2\/users\/2"}],"replies":[{"embeddable":true,"href":"https:\/\/www.europesays.com\/fr\/wp-json\/wp\/v2\/comments?post=346380"}],"version-history":[{"count":0,"href":"https:\/\/www.europesays.com\/fr\/wp-json\/wp\/v2\/posts\/346380\/revisions"}],"wp:featuredmedia":[{"embeddable":true,"href":"https:\/\/www.europesays.com\/fr\/wp-json\/wp\/v2\/media\/346381"}],"wp:attachment":[{"href":"https:\/\/www.europesays.com\/fr\/wp-json\/wp\/v2\/media?parent=346380"}],"wp:term":[{"taxonomy":"category","embeddable":true,"href":"https:\/\/www.europesays.com\/fr\/wp-json\/wp\/v2\/categories?post=346380"},{"taxonomy":"post_tag","embeddable":true,"href":"https:\/\/www.europesays.com\/fr\/wp-json\/wp\/v2\/tags?post=346380"}],"curies":[{"name":"wp","href":"https:\/\/api.w.org\/{rel}","templated":true}]}}