{"id":346382,"date":"2025-08-27T00:34:14","date_gmt":"2025-08-27T00:34:14","guid":{"rendered":"https:\/\/www.europesays.com\/fr\/346382\/"},"modified":"2025-08-27T00:34:14","modified_gmt":"2025-08-27T00:34:14","slug":"christopher-jullien-on-vit-franchement-bien-cette-periode-de-mercato","status":"publish","type":"post","link":"https:\/\/www.europesays.com\/fr\/346382\/","title":{"rendered":"Christopher Jullien: \u201cOn vit franchement bien cette p\u00e9riode de mercato.\u201d"},"content":{"rendered":"<p>Alors qu\u2019il se pr\u00e9sentait r\u00e9cemment en conf\u00e9rence de presse, et que la p\u00e9riode de mercato prendra fin dans une semaine tout pile, Christopher Jullien s\u2019exprimait sur cette fen\u00eatre toujours anim\u00e9e:<\/p>\n<p>\u201cOn vit franchement bien cette p\u00e9riode de mercato. Depuis la reprise, je trouve que le groupe le vit bien. On a eu des d\u00e9parts et des arriv\u00e9es, certains avaient marqu\u00e9 le groupe et m\u00eame le club, mais le groupe le vit bien, car il y a cet objectif de performer. Humainement, ces arriv\u00e9es de nouvelles t\u00eates fait du bien. Il y a un bon groupe, donc l\u2019int\u00e9gration est facilit\u00e9, mais ce qui compte c\u2019est sur le terrain, et les recrues nous font un grand bien sur le terrain. Je le r\u00e9p\u00e8te mais il y a beaucoup de bonnes personnes. On sait que c\u2019est une grosse transition \u00e0 op\u00e9rer entre la Ligue 1 et la Ligue 2. Des joueurs devaient partir, d\u2019autres arrivent, mais on arrive \u00e0 bien le vivre.\u201c<\/p>\n","protected":false},"excerpt":{"rendered":"Alors qu\u2019il se pr\u00e9sentait r\u00e9cemment en conf\u00e9rence de presse, et que la p\u00e9riode de mercato prendra fin dans&hellip;\n","protected":false},"author":2,"featured_media":346383,"comment_status":"","ping_status":"","sticky":false,"template":"","format":"standard","meta":{"footnotes":""},"categories":[9599],"tags":[1111,11,1777,674,1011,27,2208,12,2680,25],"class_list":{"0":"post-346382","1":"post","2":"type-post","3":"status-publish","4":"format-standard","5":"has-post-thumbnail","7":"category-montpellier","8":"tag-actu","9":"tag-actualites","10":"tag-eu","11":"tag-europe","12":"tag-fr","13":"tag-france","14":"tag-montpellier","15":"tag-news","16":"tag-occitanie","17":"tag-republique-francaise"},"share_on_mastodon":{"url":"https:\/\/pubeurope.com\/@fr\/115097925277425897","error":""},"_links":{"self":[{"href":"https:\/\/www.europesays.com\/fr\/wp-json\/wp\/v2\/posts\/346382","targetHints":{"allow":["GET"]}}],"collection":[{"href":"https:\/\/www.europesays.com\/fr\/wp-json\/wp\/v2\/posts"}],"about":[{"href":"https:\/\/www.europesays.com\/fr\/wp-json\/wp\/v2\/types\/post"}],"author":[{"embeddable":true,"href":"https:\/\/www.europesays.com\/fr\/wp-json\/wp\/v2\/users\/2"}],"replies":[{"embeddable":true,"href":"https:\/\/www.europesays.com\/fr\/wp-json\/wp\/v2\/comments?post=346382"}],"version-history":[{"count":0,"href":"https:\/\/www.europesays.com\/fr\/wp-json\/wp\/v2\/posts\/346382\/revisions"}],"wp:featuredmedia":[{"embeddable":true,"href":"https:\/\/www.europesays.com\/fr\/wp-json\/wp\/v2\/media\/346383"}],"wp:attachment":[{"href":"https:\/\/www.europesays.com\/fr\/wp-json\/wp\/v2\/media?parent=346382"}],"wp:term":[{"taxonomy":"category","embeddable":true,"href":"https:\/\/www.europesays.com\/fr\/wp-json\/wp\/v2\/categories?post=346382"},{"taxonomy":"post_tag","embeddable":true,"href":"https:\/\/www.europesays.com\/fr\/wp-json\/wp\/v2\/tags?post=346382"}],"curies":[{"name":"wp","href":"https:\/\/api.w.org\/{rel}","templated":true}]}}