{"id":346388,"date":"2025-08-27T00:41:10","date_gmt":"2025-08-27T00:41:10","guid":{"rendered":"https:\/\/www.europesays.com\/fr\/346388\/"},"modified":"2025-08-27T00:41:10","modified_gmt":"2025-08-27T00:41:10","slug":"previsions-du-mercredi-27-aout-2025-2","status":"publish","type":"post","link":"https:\/\/www.europesays.com\/fr\/346388\/","title":{"rendered":"pr\u00e9visions du mercredi 27 ao\u00fbt 2025"},"content":{"rendered":"<p>Malheureusement pour Rennes, il va y avoir encore des nuages aujourd&rsquo;hui. Il faudra pr\u00e9voir des perturbations, les Rennais se retrouveront sous des pluies \u00e9parses. Les valeurs afficheront entre 13 et 24\u00b0C. Un petit vent de sud-ouest soufflera. D&rsquo;un autre c\u00f4t\u00e9, la ville profitera de quelques \u00e9claircies le matin. Des \u00e9claircies sont pr\u00e9vues : on passera un apr\u00e8s-midi agr\u00e9able. C&rsquo;est une hausse de quelques degr\u00e9s que vont enregistrer les temp\u00e9ratures. Ces valeurs seront comprises entre 22 et 24\u00b0C. Le soir, du mauvais temps est \u00e0 pr\u00e9voir. Des pluies \u00e9parses vont tomber. Une nuit brumeuse vous attendra entre mercredi et jeudi.<\/p>\n<p>Le ciel de Rennes sera relativement lumineux, avec quelques \u00e9claircies demain. Une baisse des temp\u00e9ratures est \u00e0 pr\u00e9voir. Les valeurs s&rsquo;\u00e9chelonneront entre 10 et 24\u00b0C. Une l\u00e9g\u00e8re brise de sud-ouest sera ressentie par les habitants. Les temp\u00e9ratures vont conna\u00eetre une augmentation de plusieurs degr\u00e9s dans l&rsquo;apr\u00e8s-midi. Les valeurs afficheront entre 22\u00b0C et 24\u00b0C. Il va pleuvoir demain soir. Le mercure affichera 18\u00b0C en moyenne.<\/p>\n<p>Les conditions m\u00e9t\u00e9orologiques vont se d\u00e9grader dans les jours suivants. Comptez sur 23\u00b0C en moyenne qui accompagneront des journ\u00e9es pluvieuses.<\/p>\n<p><\/p>\n","protected":false},"excerpt":{"rendered":"Malheureusement pour Rennes, il va y avoir encore des nuages aujourd&rsquo;hui. Il faudra pr\u00e9voir des perturbations, les Rennais&hellip;\n","protected":false},"author":2,"featured_media":346389,"comment_status":"","ping_status":"","sticky":false,"template":"","format":"standard","meta":{"footnotes":""},"categories":[2821],"tags":[1111,11,829,1777,674,1011,27,848,12,2119,584,25],"class_list":{"0":"post-346388","1":"post","2":"type-post","3":"status-publish","4":"format-standard","5":"has-post-thumbnail","7":"category-rennes","8":"tag-actu","9":"tag-actualites","10":"tag-bretagne","11":"tag-eu","12":"tag-europe","13":"tag-fr","14":"tag-france","15":"tag-ille-et-vilaine","16":"tag-news","17":"tag-previsions-meteo","18":"tag-rennes","19":"tag-republique-francaise"},"share_on_mastodon":{"url":"https:\/\/pubeurope.com\/@fr\/115097952830479381","error":""},"_links":{"self":[{"href":"https:\/\/www.europesays.com\/fr\/wp-json\/wp\/v2\/posts\/346388","targetHints":{"allow":["GET"]}}],"collection":[{"href":"https:\/\/www.europesays.com\/fr\/wp-json\/wp\/v2\/posts"}],"about":[{"href":"https:\/\/www.europesays.com\/fr\/wp-json\/wp\/v2\/types\/post"}],"author":[{"embeddable":true,"href":"https:\/\/www.europesays.com\/fr\/wp-json\/wp\/v2\/users\/2"}],"replies":[{"embeddable":true,"href":"https:\/\/www.europesays.com\/fr\/wp-json\/wp\/v2\/comments?post=346388"}],"version-history":[{"count":0,"href":"https:\/\/www.europesays.com\/fr\/wp-json\/wp\/v2\/posts\/346388\/revisions"}],"wp:featuredmedia":[{"embeddable":true,"href":"https:\/\/www.europesays.com\/fr\/wp-json\/wp\/v2\/media\/346389"}],"wp:attachment":[{"href":"https:\/\/www.europesays.com\/fr\/wp-json\/wp\/v2\/media?parent=346388"}],"wp:term":[{"taxonomy":"category","embeddable":true,"href":"https:\/\/www.europesays.com\/fr\/wp-json\/wp\/v2\/categories?post=346388"},{"taxonomy":"post_tag","embeddable":true,"href":"https:\/\/www.europesays.com\/fr\/wp-json\/wp\/v2\/tags?post=346388"}],"curies":[{"name":"wp","href":"https:\/\/api.w.org\/{rel}","templated":true}]}}