{"id":346390,"date":"2025-08-27T00:42:10","date_gmt":"2025-08-27T00:42:10","guid":{"rendered":"https:\/\/www.europesays.com\/fr\/346390\/"},"modified":"2025-08-27T00:42:10","modified_gmt":"2025-08-27T00:42:10","slug":"previsions-du-mercredi-27-aout-2025-3","status":"publish","type":"post","link":"https:\/\/www.europesays.com\/fr\/346390\/","title":{"rendered":"pr\u00e9visions du mercredi 27 ao\u00fbt 2025"},"content":{"rendered":"<p>Aujourd&rsquo;hui, Strasbourg devra encore patienter avant que les nuages ne se dissipent. Les valeurs seront de 16\u00b0C au plus bas et de 24\u00b0C au maximum. Le matin, des nuages ne voudront pas c\u00e9der leur place au soleil. Des pluies \u00e9parses vont tomber. Le thermom\u00e8tre affichera 21\u00b0C en moyenne. Une l\u00e9g\u00e8re brise de sud-ouest soufflera. Le ciel va s&rsquo;\u00e9claircir au cours de l&rsquo;apr\u00e8s-midi. Les temp\u00e9ratures afficheront entre 21 et 23\u00b0C. Le passage de mercredi \u00e0 jeudi s&rsquo;effectuera sous un ciel pluvieux.<\/p>\n<p>Strasbourg, o\u00f9 des nuages subsisteront demain, continuera d&rsquo;attendre le soleil. Une baisse du mercure est attendue. Les valeurs s&rsquo;\u00e9chelonneront entre 16 et 20\u00b0C. Un vent de sud rafra\u00eechira sensiblement l&rsquo;atmosph\u00e8re. Il fera environ 18\u00b0C, le matin. Les maximales iront jusqu&rsquo;\u00e0 20\u00b0C dans l&rsquo;apr\u00e8s-midi alors que les minimales seront de 17\u00b0C. La soir\u00e9e va rester grise \u00e0 cause de nuages qui persistent dans le ciel. Il faudra anticiper des perturbations, les Strasbourgeois se retrouveront sous des pluies \u00e9parses.<\/p>\n<p>Une am\u00e9lioration est \u00e0 pr\u00e9voir pour les jours \u00e0 venir. Pr\u00e9voyez 23\u00b0C en moyenne qui accompagneront des journ\u00e9es ensoleill\u00e9es.<\/p>\n<p><\/p>\n","protected":false},"excerpt":{"rendered":"Aujourd&rsquo;hui, Strasbourg devra encore patienter avant que les nuages ne se dissipent. Les valeurs seront de 16\u00b0C au&hellip;\n","protected":false},"author":2,"featured_media":346391,"comment_status":"","ping_status":"","sticky":false,"template":"","format":"standard","meta":{"footnotes":""},"categories":[2820],"tags":[1111,11,2389,2649,1777,674,1011,27,775,12,2119,25,640],"class_list":{"0":"post-346390","1":"post","2":"type-post","3":"status-publish","4":"format-standard","5":"has-post-thumbnail","7":"category-strasbourg","8":"tag-actu","9":"tag-actualites","10":"tag-alsace","11":"tag-bas-rhin","12":"tag-eu","13":"tag-europe","14":"tag-fr","15":"tag-france","16":"tag-grand-est","17":"tag-news","18":"tag-previsions-meteo","19":"tag-republique-francaise","20":"tag-strasbourg"},"share_on_mastodon":{"url":"https:\/\/pubeurope.com\/@fr\/115097956716058364","error":""},"_links":{"self":[{"href":"https:\/\/www.europesays.com\/fr\/wp-json\/wp\/v2\/posts\/346390","targetHints":{"allow":["GET"]}}],"collection":[{"href":"https:\/\/www.europesays.com\/fr\/wp-json\/wp\/v2\/posts"}],"about":[{"href":"https:\/\/www.europesays.com\/fr\/wp-json\/wp\/v2\/types\/post"}],"author":[{"embeddable":true,"href":"https:\/\/www.europesays.com\/fr\/wp-json\/wp\/v2\/users\/2"}],"replies":[{"embeddable":true,"href":"https:\/\/www.europesays.com\/fr\/wp-json\/wp\/v2\/comments?post=346390"}],"version-history":[{"count":0,"href":"https:\/\/www.europesays.com\/fr\/wp-json\/wp\/v2\/posts\/346390\/revisions"}],"wp:featuredmedia":[{"embeddable":true,"href":"https:\/\/www.europesays.com\/fr\/wp-json\/wp\/v2\/media\/346391"}],"wp:attachment":[{"href":"https:\/\/www.europesays.com\/fr\/wp-json\/wp\/v2\/media?parent=346390"}],"wp:term":[{"taxonomy":"category","embeddable":true,"href":"https:\/\/www.europesays.com\/fr\/wp-json\/wp\/v2\/categories?post=346390"},{"taxonomy":"post_tag","embeddable":true,"href":"https:\/\/www.europesays.com\/fr\/wp-json\/wp\/v2\/tags?post=346390"}],"curies":[{"name":"wp","href":"https:\/\/api.w.org\/{rel}","templated":true}]}}