{"id":346392,"date":"2025-08-27T00:43:12","date_gmt":"2025-08-27T00:43:12","guid":{"rendered":"https:\/\/www.europesays.com\/fr\/346392\/"},"modified":"2025-08-27T00:43:12","modified_gmt":"2025-08-27T00:43:12","slug":"le-transfert-de-julio-enciso-a-strasbourg-tombe-a-leau","status":"publish","type":"post","link":"https:\/\/www.europesays.com\/fr\/346392\/","title":{"rendered":"Le transfert de Julio Enciso \u00e0 Strasbourg tombe \u00e0 l\u2019eau !"},"content":{"rendered":"<p>Coup de tonnerre en toute fin de mercato. Alors qu\u2019il devait rejoindre Strasbourg via BlueCo, le transfert de Julio Enciso a finalement capot\u00e9.<\/p>\n<p>L\u2019attaquant paraguayen de 20 ans, annonc\u00e9 partant, va devoir retourner \u00e0 Brighton, son club actuel. L\u2019op\u00e9ration semblait boucl\u00e9e, mais selon @urieliugt, l\u2019accord s\u2019est effondr\u00e9 dans les derni\u00e8res heures. Un retournement de situation qui laisse Strasbourg sans sa recrue offensive attendue.<\/p>\n<p>Enciso, consid\u00e9r\u00e9 comme l\u2019un des grands espoirs du football sud-am\u00e9ricain, devra d\u00e9sormais se r\u00e9inscrire dans les plans de Brighton, sauf nouvel impr\u00e9vu d\u2019ici la fermeture du march\u00e9.<\/p>\n","protected":false},"excerpt":{"rendered":"Coup de tonnerre en toute fin de mercato. Alors qu\u2019il devait rejoindre Strasbourg via BlueCo, le transfert de&hellip;\n","protected":false},"author":2,"featured_media":346393,"comment_status":"","ping_status":"","sticky":false,"template":"","format":"standard","meta":{"footnotes":""},"categories":[2820],"tags":[1111,11,1777,674,1011,27,775,12,25,640],"class_list":{"0":"post-346392","1":"post","2":"type-post","3":"status-publish","4":"format-standard","5":"has-post-thumbnail","7":"category-strasbourg","8":"tag-actu","9":"tag-actualites","10":"tag-eu","11":"tag-europe","12":"tag-fr","13":"tag-france","14":"tag-grand-est","15":"tag-news","16":"tag-republique-francaise","17":"tag-strasbourg"},"share_on_mastodon":{"url":"https:\/\/pubeurope.com\/@fr\/115097960690353255","error":""},"_links":{"self":[{"href":"https:\/\/www.europesays.com\/fr\/wp-json\/wp\/v2\/posts\/346392","targetHints":{"allow":["GET"]}}],"collection":[{"href":"https:\/\/www.europesays.com\/fr\/wp-json\/wp\/v2\/posts"}],"about":[{"href":"https:\/\/www.europesays.com\/fr\/wp-json\/wp\/v2\/types\/post"}],"author":[{"embeddable":true,"href":"https:\/\/www.europesays.com\/fr\/wp-json\/wp\/v2\/users\/2"}],"replies":[{"embeddable":true,"href":"https:\/\/www.europesays.com\/fr\/wp-json\/wp\/v2\/comments?post=346392"}],"version-history":[{"count":0,"href":"https:\/\/www.europesays.com\/fr\/wp-json\/wp\/v2\/posts\/346392\/revisions"}],"wp:featuredmedia":[{"embeddable":true,"href":"https:\/\/www.europesays.com\/fr\/wp-json\/wp\/v2\/media\/346393"}],"wp:attachment":[{"href":"https:\/\/www.europesays.com\/fr\/wp-json\/wp\/v2\/media?parent=346392"}],"wp:term":[{"taxonomy":"category","embeddable":true,"href":"https:\/\/www.europesays.com\/fr\/wp-json\/wp\/v2\/categories?post=346392"},{"taxonomy":"post_tag","embeddable":true,"href":"https:\/\/www.europesays.com\/fr\/wp-json\/wp\/v2\/tags?post=346392"}],"curies":[{"name":"wp","href":"https:\/\/api.w.org\/{rel}","templated":true}]}}