{"id":346394,"date":"2025-08-27T00:44:10","date_gmt":"2025-08-27T00:44:10","guid":{"rendered":"https:\/\/www.europesays.com\/fr\/346394\/"},"modified":"2025-08-27T00:44:10","modified_gmt":"2025-08-27T00:44:10","slug":"roca-therapeutics-feu-vert-europeen-pour-son-futur-traitement-contre-une-maladie-rare-de-loeil","status":"publish","type":"post","link":"https:\/\/www.europesays.com\/fr\/346394\/","title":{"rendered":"Roca Therapeutics : feu vert europ\u00e9en pour son futur traitement contre une maladie rare de l\u2019\u0153il"},"content":{"rendered":"<p>\t\t\t\t\t\t\t\tNouvelle \u00e9tape pour la biotech ni\u00e7oise Roca Therapeutics : son collyre exp\u00e9rimental RCT002 vient d\u2019obtenir la d\u00e9signation de m\u00e9dicament orphelin de l\u2019Agence europ\u00e9enne des m\u00e9dicaments. Une reconnaissance pour l&rsquo;entreprise et pour la maculopathie radique, pathologie de la r\u00e9tine d\u00e9sormais reconnue comme une maladie \u00e0 part enti\u00e8re.\t\t\t\t\t\t\t<\/p>\n<p style=\"text-align: justify;\">&#13;<br \/>\nBas\u00e9e \u00e0 Nice, <a href=\"https:\/\/www.roca-therapeutics.org\/\" target=\"_blank\" rel=\"nofollow noopener\">Roca Therapeutics<\/a> d\u00e9veloppe des traitements non invasifs contre les maladies oculaires graves. Avec RCT002, un collyre \u00ab\u00a0first-in-class\u00a0\u00bb, elle vise \u00e0 r\u00e9pondre aux besoins non couverts des patients dont la vision d\u00e9cline apr\u00e8s une radioth\u00e9rapie pour un cancer de l\u2019\u0153il, de la t\u00eate ou du cerveau.<\/p>\n<p style=\"text-align: justify;\">\u00ab\u00a0La reconnaissance de la maculopathie radique comme maladie \u00e0 part enti\u00e8re marque une \u00e9tape cruciale dans la prise en charge de ces patients. Cela permettra de poser un diagnostic plus t\u00f4t, de mettre au point des th\u00e9rapies cibl\u00e9es et d\u2019\u00e9largir l\u2019acc\u00e8s \u00e0 des traitements sp\u00e9cifiques pour ces patients\u00a0\u00bb, souligne Zaki Sellam, pr\u00e9sident ex\u00e9cutif de <a href=\"https:\/\/tribuca.net\/numerique_96382258-quatre-chercheuses-entrepreneuses-de-l-universite-cote-d-azur-distinguees-pour-leurs-travaux-deeptech\" target=\"_blank\" rel=\"nofollow noopener\">Roca Therapeutics<\/a>.<br \/>&#13;<br \/>\n\u00a0<\/p>\n<p style=\"text-align: justify;\">\u00a0<\/p>\n<p>Vers un premier essai clinique<\/p>\n<p style=\"text-align: justify;\">D\u00e9velopp\u00e9 en deux ans \u00e0 partir de la plateforme propri\u00e9taire de l\u2019entreprise, RCT002 cible simultan\u00e9ment la n\u00e9ovascularisation r\u00e9sistante, l\u2019inflammation, la fibrose et le stress oxydatif -une approche multi-m\u00e9canistique in\u00e9dite par rapport aux th\u00e9rapies anti-VEGF disponibles.<\/p>\n<p style=\"text-align: justify;\">Forte du soutien d\u2019investisseurs et de partenaires institutionnels r\u00e9gionaux (Universit\u00e9 C\u00f4te d\u2019Azur, Bpifrance, Eurobiomed, M\u00e9tropole Nice C\u00f4te d\u2019Azur, etc.), Roca Therapeutics l\u00e8ve actuellement des fonds pour financer son premier essai clinique, attendu en 2026.<\/p>\n","protected":false},"excerpt":{"rendered":"Nouvelle \u00e9tape pour la biotech ni\u00e7oise Roca Therapeutics : son collyre exp\u00e9rimental RCT002 vient d\u2019obtenir la d\u00e9signation de&hellip;\n","protected":false},"author":2,"featured_media":346395,"comment_status":"","ping_status":"","sticky":false,"template":"","format":"standard","meta":{"footnotes":""},"categories":[2819],"tags":[1111,11,1777,674,1011,27,12,2401,882,25],"class_list":{"0":"post-346394","1":"post","2":"type-post","3":"status-publish","4":"format-standard","5":"has-post-thumbnail","7":"category-nice","8":"tag-actu","9":"tag-actualites","10":"tag-eu","11":"tag-europe","12":"tag-fr","13":"tag-france","14":"tag-news","15":"tag-nice","16":"tag-provence-alpes-cote-dazur","17":"tag-republique-francaise"},"share_on_mastodon":{"url":"https:\/\/pubeurope.com\/@fr\/115097964605106445","error":""},"_links":{"self":[{"href":"https:\/\/www.europesays.com\/fr\/wp-json\/wp\/v2\/posts\/346394","targetHints":{"allow":["GET"]}}],"collection":[{"href":"https:\/\/www.europesays.com\/fr\/wp-json\/wp\/v2\/posts"}],"about":[{"href":"https:\/\/www.europesays.com\/fr\/wp-json\/wp\/v2\/types\/post"}],"author":[{"embeddable":true,"href":"https:\/\/www.europesays.com\/fr\/wp-json\/wp\/v2\/users\/2"}],"replies":[{"embeddable":true,"href":"https:\/\/www.europesays.com\/fr\/wp-json\/wp\/v2\/comments?post=346394"}],"version-history":[{"count":0,"href":"https:\/\/www.europesays.com\/fr\/wp-json\/wp\/v2\/posts\/346394\/revisions"}],"wp:featuredmedia":[{"embeddable":true,"href":"https:\/\/www.europesays.com\/fr\/wp-json\/wp\/v2\/media\/346395"}],"wp:attachment":[{"href":"https:\/\/www.europesays.com\/fr\/wp-json\/wp\/v2\/media?parent=346394"}],"wp:term":[{"taxonomy":"category","embeddable":true,"href":"https:\/\/www.europesays.com\/fr\/wp-json\/wp\/v2\/categories?post=346394"},{"taxonomy":"post_tag","embeddable":true,"href":"https:\/\/www.europesays.com\/fr\/wp-json\/wp\/v2\/tags?post=346394"}],"curies":[{"name":"wp","href":"https:\/\/api.w.org\/{rel}","templated":true}]}}