{"id":346396,"date":"2025-08-27T00:45:11","date_gmt":"2025-08-27T00:45:11","guid":{"rendered":"https:\/\/www.europesays.com\/fr\/346396\/"},"modified":"2025-08-27T00:45:11","modified_gmt":"2025-08-27T00:45:11","slug":"previsions-du-mercredi-27-aout-2025-4","status":"publish","type":"post","link":"https:\/\/www.europesays.com\/fr\/346396\/","title":{"rendered":"pr\u00e9visions du mercredi 27 ao\u00fbt 2025"},"content":{"rendered":"<p>La ville de Nice profitera de quelques \u00e9claircies aujourd&rsquo;hui. Les valeurs afficheront entre 21\u00b0C et 26\u00b0C. Il fera 23\u00b0C en moyenne le matin. Un vent de nord-est soufflera l\u00e9g\u00e8rement. Les temp\u00e9ratures s&rsquo;\u00e9chelonneront entre 24 et 26\u00b0C l&rsquo;apr\u00e8s-midi. Il va faire en moyenne 23\u00b0C, le soir. On pr\u00e9voit une nuit pluvieuse entre mercredi et jeudi.<\/p>\n<p>Une chute des temp\u00e9ratures est \u00e0 pr\u00e9voir \u00e0 Nice, demain. Le thermom\u00e8tre affichera 23\u00b0C en moyenne. La m\u00e9t\u00e9o sera instable dans la matin\u00e9e avec de petites averses. Les valeurs seront de 22\u00b0C. Une petite brise de nord-est sera ressentie par les habitants. Demain apr\u00e8s-midi, encore des nuages dans le ciel qui emp\u00eachent le soleil de faire son apparition. Des orages de faible intensit\u00e9 auront lieu. Les temp\u00e9ratures s&rsquo;\u00e9chelonneront de 23 \u00e0 24\u00b0C. Dans la soir\u00e9e, de l\u00e9g\u00e8res averses seront probables. Les temp\u00e9ratures tourneront autour des 22\u00b0C. Un vent de sud-ouest soufflera l\u00e9g\u00e8rement, avec 3 km\/h.<\/p>\n<p>Le temps va s&rsquo;am\u00e9liorer dans les journ\u00e9es qui suivent. Pr\u00e9voyez 26\u00b0C en moyenne qui accompagneront des journ\u00e9es ensoleill\u00e9es.<\/p>\n<p><\/p>\n","protected":false},"excerpt":{"rendered":"La ville de Nice profitera de quelques \u00e9claircies aujourd&rsquo;hui. Les valeurs afficheront entre 21\u00b0C et 26\u00b0C. Il fera&hellip;\n","protected":false},"author":2,"featured_media":346397,"comment_status":"","ping_status":"","sticky":false,"template":"","format":"standard","meta":{"footnotes":""},"categories":[2819],"tags":[1111,11,2898,1777,674,1011,27,12,2401,883,2119,882,25],"class_list":{"0":"post-346396","1":"post","2":"type-post","3":"status-publish","4":"format-standard","5":"has-post-thumbnail","7":"category-nice","8":"tag-actu","9":"tag-actualites","10":"tag-alpes-maritimes","11":"tag-eu","12":"tag-europe","13":"tag-fr","14":"tag-france","15":"tag-news","16":"tag-nice","17":"tag-paca","18":"tag-previsions-meteo","19":"tag-provence-alpes-cote-dazur","20":"tag-republique-francaise"},"share_on_mastodon":{"url":"https:\/\/pubeurope.com\/@fr\/115097968521211905","error":""},"_links":{"self":[{"href":"https:\/\/www.europesays.com\/fr\/wp-json\/wp\/v2\/posts\/346396","targetHints":{"allow":["GET"]}}],"collection":[{"href":"https:\/\/www.europesays.com\/fr\/wp-json\/wp\/v2\/posts"}],"about":[{"href":"https:\/\/www.europesays.com\/fr\/wp-json\/wp\/v2\/types\/post"}],"author":[{"embeddable":true,"href":"https:\/\/www.europesays.com\/fr\/wp-json\/wp\/v2\/users\/2"}],"replies":[{"embeddable":true,"href":"https:\/\/www.europesays.com\/fr\/wp-json\/wp\/v2\/comments?post=346396"}],"version-history":[{"count":0,"href":"https:\/\/www.europesays.com\/fr\/wp-json\/wp\/v2\/posts\/346396\/revisions"}],"wp:featuredmedia":[{"embeddable":true,"href":"https:\/\/www.europesays.com\/fr\/wp-json\/wp\/v2\/media\/346397"}],"wp:attachment":[{"href":"https:\/\/www.europesays.com\/fr\/wp-json\/wp\/v2\/media?parent=346396"}],"wp:term":[{"taxonomy":"category","embeddable":true,"href":"https:\/\/www.europesays.com\/fr\/wp-json\/wp\/v2\/categories?post=346396"},{"taxonomy":"post_tag","embeddable":true,"href":"https:\/\/www.europesays.com\/fr\/wp-json\/wp\/v2\/tags?post=346396"}],"curies":[{"name":"wp","href":"https:\/\/api.w.org\/{rel}","templated":true}]}}