{"id":346398,"date":"2025-08-27T00:46:10","date_gmt":"2025-08-27T00:46:10","guid":{"rendered":"https:\/\/www.europesays.com\/fr\/346398\/"},"modified":"2025-08-27T00:46:10","modified_gmt":"2025-08-27T00:46:10","slug":"previsions-du-mercredi-27-aout-2025-5","status":"publish","type":"post","link":"https:\/\/www.europesays.com\/fr\/346398\/","title":{"rendered":"pr\u00e9visions du mercredi 27 ao\u00fbt 2025"},"content":{"rendered":"<p>Aujourd&rsquo;hui, \u00e0 Nantes, le soleil risque d&rsquo;\u00eatre masqu\u00e9 par des nuages. Des pluies \u00e9parses tomberont. Les valeurs seront comprises entre 15 et 24\u00b0C. Une l\u00e9g\u00e8re brise de sud-ouest soufflera. Il fera 20\u00b0C en moyenne le matin. La grisaille ne se dissipe toujours pas, il y aura encore des nuages l&rsquo;apr\u00e8s-midi. Les temp\u00e9ratures s&rsquo;\u00e9chelonneront entre 22\u00b0C et 24\u00b0C. Le ciel sera assez lumineux, avec quelques \u00e9claircies le soir. On passera de mercredi \u00e0 jeudi par une nuit brumeuse.<\/p>\n<p>Demain, une baisse des temp\u00e9ratures est \u00e0 pr\u00e9voir \u00e0 Nantes. Il va faire en moyenne 18\u00b0C. Un vent de sud-ouest rafra\u00eechira l\u00e9g\u00e8rement l&rsquo;atmosph\u00e8re. C&rsquo;est un soleil splendide qui va briller le matin. Des \u00e9claircies feront leur apparition dans l&rsquo;apr\u00e8s-midi. Un temps plus chaud est attendu \u00e9tant donn\u00e9 que le mercure va conna\u00eetre une augmentation. Les valeurs afficheront entre 20 et 23\u00b0C. C&rsquo;est \u00e0 un ciel couvert de nuages qu&rsquo;il faudra s&rsquo;attendre demain soir. Intemp\u00e9ries : on pr\u00e9voit des pluies \u00e9parses.<\/p>\n<p>La m\u00e9t\u00e9o va se d\u00e9grader dans les jours qui suivent. Comptez sur 24\u00b0C en moyenne qui accompagneront des journ\u00e9es pluvieuses.<\/p>\n<p><\/p>\n","protected":false},"excerpt":{"rendered":"Aujourd&rsquo;hui, \u00e0 Nantes, le soleil risque d&rsquo;\u00eatre masqu\u00e9 par des nuages. Des pluies \u00e9parses tomberont. Les valeurs seront&hellip;\n","protected":false},"author":2,"featured_media":346399,"comment_status":"","ping_status":"","sticky":false,"template":"","format":"standard","meta":{"footnotes":""},"categories":[2818],"tags":[1111,11,1777,674,1011,27,3047,766,12,2636,2119,25],"class_list":{"0":"post-346398","1":"post","2":"type-post","3":"status-publish","4":"format-standard","5":"has-post-thumbnail","7":"category-nantes","8":"tag-actu","9":"tag-actualites","10":"tag-eu","11":"tag-europe","12":"tag-fr","13":"tag-france","14":"tag-loire-atlantique","15":"tag-nantes","16":"tag-news","17":"tag-pays-de-la-loire","18":"tag-previsions-meteo","19":"tag-republique-francaise"},"share_on_mastodon":{"url":"https:\/\/pubeurope.com\/@fr\/115097972433637141","error":""},"_links":{"self":[{"href":"https:\/\/www.europesays.com\/fr\/wp-json\/wp\/v2\/posts\/346398","targetHints":{"allow":["GET"]}}],"collection":[{"href":"https:\/\/www.europesays.com\/fr\/wp-json\/wp\/v2\/posts"}],"about":[{"href":"https:\/\/www.europesays.com\/fr\/wp-json\/wp\/v2\/types\/post"}],"author":[{"embeddable":true,"href":"https:\/\/www.europesays.com\/fr\/wp-json\/wp\/v2\/users\/2"}],"replies":[{"embeddable":true,"href":"https:\/\/www.europesays.com\/fr\/wp-json\/wp\/v2\/comments?post=346398"}],"version-history":[{"count":0,"href":"https:\/\/www.europesays.com\/fr\/wp-json\/wp\/v2\/posts\/346398\/revisions"}],"wp:featuredmedia":[{"embeddable":true,"href":"https:\/\/www.europesays.com\/fr\/wp-json\/wp\/v2\/media\/346399"}],"wp:attachment":[{"href":"https:\/\/www.europesays.com\/fr\/wp-json\/wp\/v2\/media?parent=346398"}],"wp:term":[{"taxonomy":"category","embeddable":true,"href":"https:\/\/www.europesays.com\/fr\/wp-json\/wp\/v2\/categories?post=346398"},{"taxonomy":"post_tag","embeddable":true,"href":"https:\/\/www.europesays.com\/fr\/wp-json\/wp\/v2\/tags?post=346398"}],"curies":[{"name":"wp","href":"https:\/\/api.w.org\/{rel}","templated":true}]}}