{"id":346400,"date":"2025-08-27T00:47:10","date_gmt":"2025-08-27T00:47:10","guid":{"rendered":"https:\/\/www.europesays.com\/fr\/346400\/"},"modified":"2025-08-27T00:47:10","modified_gmt":"2025-08-27T00:47:10","slug":"zaho-de-zagazan-au-zenith-de-nantes-en-novembre","status":"publish","type":"post","link":"https:\/\/www.europesays.com\/fr\/346400\/","title":{"rendered":"Zaho de Zagazan au Z\u00e9nith de Nantes en novembre"},"content":{"rendered":"<p>Zaho de Zagazan au Z\u00e9nith de Nantes en novembre en version symphonique, accompagn\u00e9e par l\u2019Orchestre National de Pays de la Loire (ONPL) sous la direction de. Jeudi 13 novembre \u00e0 20 h. Ouverture de la billetterie, jeudi 28 ao\u00fbt 2025.<\/p>\n<p>Nouvelle \u00e9toile de la chanson fran\u00e7aise, Zaho de Sagazan d\u00e9voile une facette in\u00e9dite de son chef-d\u2019\u0153uvre multi-r\u00e9compens\u00e9 <strong>\u00ab La symphonie des \u00e9clairs \u00bb<\/strong> dans un \u00e9crin symphonique d\u2019exception. Accompagn\u00e9e par un orchestre symphonique sous la direction du chef Dylan Corlay, l\u2019artiste revisite les chansons de son premier album pour les porter vers une dimension enti\u00e8rement nouvelle.<\/p>\n<p>Alors qu\u2019elle r\u00e9concilie habituellement sur disque les grandes heures de la chanson fran\u00e7aise avec des sonorit\u00e9s \u00e9lectroniques contemporaines pour v\u00e9hiculer ses messages, c\u2019est d\u00e9sormais par la puissance et les nuances subtiles des cordes, des cuivres et de l\u2019onde martenot qu\u2019elle d\u00e9livrera son mantra :<\/p>\n<p>\u00ab \u00catre sensible c\u2019est \u00eatre vivant, et nous ne sommes jamais trop vivants \u00bb<\/p>\n<p>Cette voix grave et intense, capable de passer du cri le plus d\u00e9chirant au chuchotement le plus tendre, s\u2019\u00e9panouit dans une partition foudroyante d\u2019\u00e9motion. De l\u2019intimit\u00e9 la plus profonde au grandiose le plus saisissant, voil\u00e0 la promesse d\u2019un voyage musical extraordinaire.<\/p>\n<p>Premi\u00e8re artiste \u00e0 avoir \u00e9t\u00e9 couronn\u00e9e quatre fois lors d\u2019une m\u00eame c\u00e9r\u00e9monie des Victoires de la Musique \u2013 album de l\u2019ann\u00e9e, chanson originale, r\u00e9v\u00e9lation f\u00e9minine et r\u00e9v\u00e9lation sc\u00e8ne \u2013, Zaho de Sagazan continue d\u2019enrichir son palmar\u00e8s avec brio. En se r\u00e9appropriant \u00ab Modern Love \u00bb de David Bowie pour surprendre Greta Gerwig au Festival de Cannes, puis en interpr\u00e9tant \u00ab Sous le ciel de Paris \u00bb d\u2019\u00c9dith Piaf lors de la c\u00e9r\u00e9monie de cl\u00f4ture des Jeux olympiques de Paris, la chanteuse a d\u00e9finitivement marqu\u00e9 l\u2019imaginaire de tous les publics \u00e0 travers le monde, imprimant son visage, sa voix et son \u00e9nergie transcendante dans les m\u00e9moires.<\/p>\n<p>Zaho de Zagazan au Z\u00e9nith de Nantes en novembre<\/p>\n<p>Jeudi 13 novembre 2025 \u00e0 20 h.<\/p>\n<p>R\u00e9servation, <a href=\"https:\/\/www.zenith-nantesmetropole.com\/shows\/ZAHO%20DE%20SAGAZAN%20-%20SYMPHONIQUE-21600\" target=\"_blank\" rel=\"noopener nofollow\">d\u00e8s jeudi 28 ao\u00fbt 2025 sur le site du Z\u00e9nith Nantes.<\/a><\/p>\n<p>Visuel\u00a0 : Les Francos de Montr\u00e9al.<\/p>\n","protected":false},"excerpt":{"rendered":"Zaho de Zagazan au Z\u00e9nith de Nantes en novembre en version symphonique, accompagn\u00e9e par l\u2019Orchestre National de Pays&hellip;\n","protected":false},"author":2,"featured_media":346401,"comment_status":"","ping_status":"","sticky":false,"template":"","format":"standard","meta":{"footnotes":""},"categories":[2818],"tags":[1111,11,1777,674,1011,27,766,12,2636,25],"class_list":{"0":"post-346400","1":"post","2":"type-post","3":"status-publish","4":"format-standard","5":"has-post-thumbnail","7":"category-nantes","8":"tag-actu","9":"tag-actualites","10":"tag-eu","11":"tag-europe","12":"tag-fr","13":"tag-france","14":"tag-nantes","15":"tag-news","16":"tag-pays-de-la-loire","17":"tag-republique-francaise"},"share_on_mastodon":{"url":"https:\/\/pubeurope.com\/@fr\/115097976400808355","error":""},"_links":{"self":[{"href":"https:\/\/www.europesays.com\/fr\/wp-json\/wp\/v2\/posts\/346400","targetHints":{"allow":["GET"]}}],"collection":[{"href":"https:\/\/www.europesays.com\/fr\/wp-json\/wp\/v2\/posts"}],"about":[{"href":"https:\/\/www.europesays.com\/fr\/wp-json\/wp\/v2\/types\/post"}],"author":[{"embeddable":true,"href":"https:\/\/www.europesays.com\/fr\/wp-json\/wp\/v2\/users\/2"}],"replies":[{"embeddable":true,"href":"https:\/\/www.europesays.com\/fr\/wp-json\/wp\/v2\/comments?post=346400"}],"version-history":[{"count":0,"href":"https:\/\/www.europesays.com\/fr\/wp-json\/wp\/v2\/posts\/346400\/revisions"}],"wp:featuredmedia":[{"embeddable":true,"href":"https:\/\/www.europesays.com\/fr\/wp-json\/wp\/v2\/media\/346401"}],"wp:attachment":[{"href":"https:\/\/www.europesays.com\/fr\/wp-json\/wp\/v2\/media?parent=346400"}],"wp:term":[{"taxonomy":"category","embeddable":true,"href":"https:\/\/www.europesays.com\/fr\/wp-json\/wp\/v2\/categories?post=346400"},{"taxonomy":"post_tag","embeddable":true,"href":"https:\/\/www.europesays.com\/fr\/wp-json\/wp\/v2\/tags?post=346400"}],"curies":[{"name":"wp","href":"https:\/\/api.w.org\/{rel}","templated":true}]}}