{"id":346402,"date":"2025-08-27T00:48:09","date_gmt":"2025-08-27T00:48:09","guid":{"rendered":"https:\/\/www.europesays.com\/fr\/346402\/"},"modified":"2025-08-27T00:48:09","modified_gmt":"2025-08-27T00:48:09","slug":"previsions-du-mercredi-27-aout-2025-6","status":"publish","type":"post","link":"https:\/\/www.europesays.com\/fr\/346402\/","title":{"rendered":"pr\u00e9visions du mercredi 27 ao\u00fbt 2025"},"content":{"rendered":"<p>Aujourd&rsquo;hui, \u00e0 Bordeaux, des nuages ne voudront pas faire place au soleil. Des pluies \u00e9parses vont tomber. Les valeurs seront comprises entre 17 et 21\u00b0C. Il fera environ 20\u00b0C, le matin. Une l\u00e9g\u00e8re brise de sud-ouest soufflera. L&rsquo;apr\u00e8s-midi, le soleil sera dissimul\u00e9 derri\u00e8re des nuages. Les maximales iront jusqu&rsquo;\u00e0 21\u00b0C tandis que les minimales seront de 19\u00b0C. La soir\u00e9e va rester voil\u00e9e \u00e0 cause de nuages qui persistent dans le ciel. Le temps sera ponctu\u00e9 par des pluies \u00e9parses. Les temp\u00e9ratures avoisineront les 19\u00b0C. On s&rsquo;attend \u00e0 une nuit claire entre mercredi et jeudi.<\/p>\n<p>Demain, \u00e0 Bordeaux, des nuages pars\u00e8meront le ciel, retardant ainsi l&rsquo;arriv\u00e9e du soleil. C&rsquo;est une hausse de quelques degr\u00e9s que vont conna\u00eetre les temp\u00e9ratures. Ces valeurs afficheront entre 16 et 24\u00b0C. Dans la matin\u00e9e, des pluies \u00e9parses sont attendues. Les valeurs tourneront autour des 20\u00b0C. Un modeste vent de nord-ouest sera ressenti par les habitants. Demain apr\u00e8s-midi, le vent va peu \u00e0 peu chasser les nuages. Les temp\u00e9ratures seront de 21\u00b0C au minimum et de 24\u00b0C au maximum. La ville sera touch\u00e9e par un vent d&rsquo;ouest de 22 km\/h. C&rsquo;est \u00e0 un ciel couvert de nuages qu&rsquo;il faudra s&rsquo;attendre demain soir. Il va pleuvoir. Les valeurs s&rsquo;\u00e9chelonneront entre 17\u00b0C et 20\u00b0C. Une brise de sud-ouest soufflera l\u00e9g\u00e8rement.<\/p>\n<p>Le temps des journ\u00e9es qui suivent va \u00e9voluer progressivement. Apr\u00e8s une m\u00e9t\u00e9o stable vendredi, la situation changera samedi.<\/p>\n<p><\/p>\n","protected":false},"excerpt":{"rendered":"Aujourd&rsquo;hui, \u00e0 Bordeaux, des nuages ne voudront pas faire place au soleil. Des pluies \u00e9parses vont tomber. Les&hellip;\n","protected":false},"author":2,"featured_media":346403,"comment_status":"","ping_status":"","sticky":false,"template":"","format":"standard","meta":{"footnotes":""},"categories":[2817],"tags":[1111,11,3177,1997,1777,674,1011,27,2905,12,2219,2119,25],"class_list":{"0":"post-346402","1":"post","2":"type-post","3":"status-publish","4":"format-standard","5":"has-post-thumbnail","7":"category-bordeaux","8":"tag-actu","9":"tag-actualites","10":"tag-aquitaine","11":"tag-bordeaux","12":"tag-eu","13":"tag-europe","14":"tag-fr","15":"tag-france","16":"tag-gironde","17":"tag-news","18":"tag-nouvelle-aquitaine","19":"tag-previsions-meteo","20":"tag-republique-francaise"},"share_on_mastodon":{"url":"https:\/\/pubeurope.com\/@fr\/115097980300374299","error":""},"_links":{"self":[{"href":"https:\/\/www.europesays.com\/fr\/wp-json\/wp\/v2\/posts\/346402","targetHints":{"allow":["GET"]}}],"collection":[{"href":"https:\/\/www.europesays.com\/fr\/wp-json\/wp\/v2\/posts"}],"about":[{"href":"https:\/\/www.europesays.com\/fr\/wp-json\/wp\/v2\/types\/post"}],"author":[{"embeddable":true,"href":"https:\/\/www.europesays.com\/fr\/wp-json\/wp\/v2\/users\/2"}],"replies":[{"embeddable":true,"href":"https:\/\/www.europesays.com\/fr\/wp-json\/wp\/v2\/comments?post=346402"}],"version-history":[{"count":0,"href":"https:\/\/www.europesays.com\/fr\/wp-json\/wp\/v2\/posts\/346402\/revisions"}],"wp:featuredmedia":[{"embeddable":true,"href":"https:\/\/www.europesays.com\/fr\/wp-json\/wp\/v2\/media\/346403"}],"wp:attachment":[{"href":"https:\/\/www.europesays.com\/fr\/wp-json\/wp\/v2\/media?parent=346402"}],"wp:term":[{"taxonomy":"category","embeddable":true,"href":"https:\/\/www.europesays.com\/fr\/wp-json\/wp\/v2\/categories?post=346402"},{"taxonomy":"post_tag","embeddable":true,"href":"https:\/\/www.europesays.com\/fr\/wp-json\/wp\/v2\/tags?post=346402"}],"curies":[{"name":"wp","href":"https:\/\/api.w.org\/{rel}","templated":true}]}}