{"id":346406,"date":"2025-08-27T00:50:19","date_gmt":"2025-08-27T00:50:19","guid":{"rendered":"https:\/\/www.europesays.com\/fr\/346406\/"},"modified":"2025-08-27T00:50:19","modified_gmt":"2025-08-27T00:50:19","slug":"la-chapelle-des-carmelites-accueille-une-creation-operatique-sur-mesure","status":"publish","type":"post","link":"https:\/\/www.europesays.com\/fr\/346406\/","title":{"rendered":"la chapelle des Carm\u00e9lites accueille une cr\u00e9ation op\u00e9ratique sur-mesure"},"content":{"rendered":"<p>Un concert-spectacle in\u00e9dit et sur-mesure. Pour la premi\u00e8re fois, la compagnie Avant l\u2019incendie et l\u2019ensemble \u00c0 bout de souffle unissent leurs forces artistiques. Cette collaboration s\u2019articule autour de L\u2019Orfeo de Monteverdi, ici revisit\u00e9 pour offrir <strong>une exp\u00e9rience d\u2019op\u00e9ra d\u2019un nouveau genre<\/strong>. Le concert-spectacle est sp\u00e9cialement con\u00e7u pour la <a href=\"https:\/\/lopinion.com\/articles\/culture\/29653_1ere-pierre-chapelle-sixtine-toulouse-louis-xiii\" rel=\"noopener noreferrer nofollow\" target=\"_blank\">chapelle des Carm\u00e9lites<\/a>, o\u00f9 le public sera convi\u00e9 du 27 septembre au 1er octobre 2025. Il assistera alors au mariage d\u2019Orfeo et Euridice, deux grands amoureux de la mythologie.<\/p>\n<p>St\u00e9phane Delincak et Victor Ginicis, directeurs respectifs de l\u2019ensemble \u00c0 bout de souffle et de la compagnie Avant l\u2019incendie, expliquent ce choix\u00a0: \u00ab\u00a0Parce que nous avons besoin, aujourd\u2019hui, de raconter des histoires o\u00f9 nous survivons aux catastrophes. Parce qu\u2019un mythe est fait pour \u00eatre r\u00e9interpr\u00e9t\u00e9 et pour trouver son sens \u00e0 chaque \u00e9poque de l\u2019humanit\u00e9. Le sens que peut prendre L\u2019Orfeo pour nous en 2025, c\u2019est <strong>une histoire o\u00f9 l\u2019on aime, et o\u00f9 l\u2019amour nous sauve<\/strong>\u00ab\u00a0.<\/p>\n<p>Un dialogue entre les genres artistiques et les \u00e9poques<\/p>\n<p>L\u2019\u0153uvre de Monteverdi, cr\u00e9\u00e9e en 1607, sera le point de d\u00e9part d\u2019un dialogue finement ficel\u00e9<strong> entre th\u00e9\u00e2tre et musique<\/strong>. Baroque italien, musiques actuelles, et instruments de diff\u00e9rentes \u00e9poques se partagent \u00e9galement l\u2019affiche. \u00ab\u00a0Ce n\u2019est ni un op\u00e9ra, ni un concert, ni un simple spectacle th\u00e9\u00e2tral : c\u2019est tout cela \u00e0 la fois, une \u0153uvre vivante, enracin\u00e9e dans le mythe, une tentative pour le pr\u00e9sent !\u00a0\u00bb, r\u00e9sument les deux cr\u00e9ateurs.<\/p>\n<p>La chapelle des Carm\u00e9lites, d\u00e9sormais habitu\u00e9e \u00e0 accueillir des manifestations culturelles, demeure un cadre exceptionnel pour cette prestation. V\u00e9ritable <strong>joyau historique de la Ville rose<\/strong>, l\u2019\u00e9difice est d\u2019ailleurs surnomm\u00e9 \u00ab\u00a0la chapelle Sixtine toulousaine\u00a0\u00bb pour ses plafonds peints inspir\u00e9s de son homonyme italien.<\/p>\n<p>&gt;&gt; \u00c0 LIRE AUSSI : <a href=\"https:\/\/lopinion.com\/articles\/art-de-vivre\/29582_toulouse-chapelle-carmelites-nuit-tombee-enquete\" rel=\"noopener noreferrer nofollow\" target=\"_blank\">Toulouse : la chapelle des Carm\u00e9lites ouvre ses portes \u00e0 la nuit tomb\u00e9e pour une enqu\u00eate<\/a><\/p>\n","protected":false},"excerpt":{"rendered":"Un concert-spectacle in\u00e9dit et sur-mesure. Pour la premi\u00e8re fois, la compagnie Avant l\u2019incendie et l\u2019ensemble \u00c0 bout de&hellip;\n","protected":false},"author":2,"featured_media":346407,"comment_status":"","ping_status":"","sticky":false,"template":"","format":"standard","meta":{"footnotes":""},"categories":[2816],"tags":[1111,11,1777,674,1011,27,12,2680,25,2312],"class_list":{"0":"post-346406","1":"post","2":"type-post","3":"status-publish","4":"format-standard","5":"has-post-thumbnail","7":"category-toulouse","8":"tag-actu","9":"tag-actualites","10":"tag-eu","11":"tag-europe","12":"tag-fr","13":"tag-france","14":"tag-news","15":"tag-occitanie","16":"tag-republique-francaise","17":"tag-toulouse"},"share_on_mastodon":{"url":"https:\/\/pubeurope.com\/@fr\/115097988262614869","error":""},"_links":{"self":[{"href":"https:\/\/www.europesays.com\/fr\/wp-json\/wp\/v2\/posts\/346406","targetHints":{"allow":["GET"]}}],"collection":[{"href":"https:\/\/www.europesays.com\/fr\/wp-json\/wp\/v2\/posts"}],"about":[{"href":"https:\/\/www.europesays.com\/fr\/wp-json\/wp\/v2\/types\/post"}],"author":[{"embeddable":true,"href":"https:\/\/www.europesays.com\/fr\/wp-json\/wp\/v2\/users\/2"}],"replies":[{"embeddable":true,"href":"https:\/\/www.europesays.com\/fr\/wp-json\/wp\/v2\/comments?post=346406"}],"version-history":[{"count":0,"href":"https:\/\/www.europesays.com\/fr\/wp-json\/wp\/v2\/posts\/346406\/revisions"}],"wp:featuredmedia":[{"embeddable":true,"href":"https:\/\/www.europesays.com\/fr\/wp-json\/wp\/v2\/media\/346407"}],"wp:attachment":[{"href":"https:\/\/www.europesays.com\/fr\/wp-json\/wp\/v2\/media?parent=346406"}],"wp:term":[{"taxonomy":"category","embeddable":true,"href":"https:\/\/www.europesays.com\/fr\/wp-json\/wp\/v2\/categories?post=346406"},{"taxonomy":"post_tag","embeddable":true,"href":"https:\/\/www.europesays.com\/fr\/wp-json\/wp\/v2\/tags?post=346406"}],"curies":[{"name":"wp","href":"https:\/\/api.w.org\/{rel}","templated":true}]}}