{"id":346408,"date":"2025-08-27T00:51:21","date_gmt":"2025-08-27T00:51:21","guid":{"rendered":"https:\/\/www.europesays.com\/fr\/346408\/"},"modified":"2025-08-27T00:51:21","modified_gmt":"2025-08-27T00:51:21","slug":"32-000-eleves-font-leur-rentree-et-6-nouvelles-ecoles-ouvrent-en-septembre","status":"publish","type":"post","link":"https:\/\/www.europesays.com\/fr\/346408\/","title":{"rendered":"32 000 \u00e9l\u00e8ves font leur rentr\u00e9e\u2026 et 6 nouvelles \u00e9coles ouvrent en septembre"},"content":{"rendered":"<p><strong>Pour la rentr\u00e9e 2025, plus de 32 000 \u00e9l\u00e8ves sont inscrits dans les \u00e9coles publiques toulousaines. La Ville met en service six nouveaux \u00e9tablissements et poursuit ses investissements en mati\u00e8re d\u2019\u00e9ducation, avec un budget prioritaire et par des projets int\u00e9grant des enjeux environnementaux.<\/strong><\/p>\n<p><img fetchpriority=\"high\" decoding=\"async\" width=\"1200\" height=\"798\" src=\"https:\/\/www.europesays.com\/fr\/wp-content\/uploads\/2025\/08\/nouvelle-ecole-Toulouse.jpg\" alt=\"Six nouvelles \u00e9coles \u00e0 Toulouse pour la rentr\u00e9e 2025.\"  \/><\/p>\n<p>Six nouvelles \u00e9coles \u00e0 Toulouse pour la rentr\u00e9e 2025. \u00a9Mairie de Toulouse<\/p>\n<p>\u00c0 Toulouse, la rentr\u00e9e 2025 est marqu\u00e9e par <a href=\"https:\/\/www.lejournaltoulousain.fr\/occitanie\/toulouse-cours-ecole-331049\/\" rel=\"nofollow noopener\" target=\"_blank\">une vingtaine de v\u00e9g\u00e9talisation des cours de r\u00e9cr\u00e9ation<\/a> et l\u2019ouverture de <strong>six nouveaux \u00e9tablissements <\/strong>scolaires. Selon les chiffres arr\u00eat\u00e9s au 11 ao\u00fbt, <strong>32 071 \u00e9l\u00e8ves<\/strong> sont inscrits dans les \u00e9coles publiques de la ville, dont <strong>19 627 en \u00e9l\u00e9mentaire<\/strong> et <strong>12 374 en maternelle<\/strong>.<\/p>\n<p>Avec <strong>67,5 millions d\u2019euros consacr\u00e9s aux investissements<\/strong> et <strong>130 millions pour le fonctionnement et le personnel<\/strong> en 2025, l\u2019\u00e9ducation reste le premier poste budg\u00e9taire de la Municipalit\u00e9. Sur la dur\u00e9e du mandat 2021-2026, la <strong>Programmation Pluriannuelle des Investissements<\/strong> atteint un total de <strong>341 millions d\u2019euros<\/strong>, confirmant une priorit\u00e9 politique clairement affich\u00e9e.<\/p>\n<p>6 \u00e9tablissements neufs pour la rentr\u00e9e 2025<\/p>\n<p>\u00ab Avec un Plan Pluriannuel d\u2019Investissement ambitieux <strong>sur le mandat, pr\u00e9voyant la r\u00e9alisation de 21 nouvelles \u00e9coles et 22 op\u00e9rations de r\u00e9habilitation-extension<\/strong>, dont la majeure partie des \u00e9tablissements a \u00e9t\u00e9 livr\u00e9e, le nombre de projets scolaires reste tr\u00e8s dynamique \u00bb, souligne la Mairie de Toulouse.<\/p>\n<p>Symbole de cet effort, <strong>six nouvelles \u00e9coles ouvriront leurs portes cette ann\u00e9e<\/strong>. Parmi elles, le groupe scolaire <strong>Marie Marvingt<\/strong> \u00e0 Empalot et <strong>Marie de Gournay<\/strong> \u00e0 Malep\u00e8re, l\u2019\u00e9cole <strong>Ada Lovelace<\/strong> dans le quartier de la Cartoucherie, ou encore la reconstruction compl\u00e8te de l\u2019\u00e9l\u00e9mentaire <strong>B\u00e9n\u00e9zet<\/strong> au Fer \u00e0 Cheval. Autre chantier embl\u00e9matique, le groupe scolaire <strong>Jolimont<\/strong>, int\u00e9gr\u00e9 \u00e0 la ZAC Guillaumet, combine r\u00e9novation et objectifs de performance \u00e9nerg\u00e9tique, avec une r\u00e9duction de <strong>40% de la consommation pr\u00e9vue<\/strong>.<\/p>\n<p>Les nouveaux b\u00e2timents ne se contentent pas d\u2019augmenter la capacit\u00e9 d\u2019accueil, souligne la Mairie : ils int\u00e8grent des <strong>cours v\u00e9g\u00e9talis\u00e9es<\/strong>, des <strong>\u00eelots de fra\u00eecheur<\/strong> ou encore des <strong>panneaux photovolta\u00efques<\/strong>, afin de r\u00e9pondre aux enjeux climatiques et \u00e9nerg\u00e9tiques.<\/p>\n<p>Des projets d\u00e9j\u00e0 tourn\u00e9s vers 2027<\/p>\n<p>La dynamique ne s\u2019arr\u00eatera pas \u00e0 cette rentr\u00e9e. Deux groupes scolaires suppl\u00e9mentaires sont d\u2019ores et d\u00e9j\u00e0 programm\u00e9s pour 2027 : <strong>Adrienne Bolland<\/strong> aux Izards et <strong>Lise Meitner<\/strong> \u00e0 Fondeyre. En parall\u00e8le, plusieurs \u00e9tablissements historiques, comme ceux de <strong>Rangueil<\/strong>, <strong>Courr\u00e8ges<\/strong> et <strong>Ancely<\/strong>, b\u00e9n\u00e9ficient de r\u00e9habilitations lourdes, avec un objectif de <strong>60% de gain \u00e9nerg\u00e9tique<\/strong>.<\/p>\n<p>En combinant cr\u00e9ations et r\u00e9novations, Toulouse affirme mener une strat\u00e9gie visant autant \u00e0 <a href=\"https:\/\/metropole.toulouse.fr\/actualites\/cest-la-rentree\" target=\"_blank\" rel=\"noreferrer noopener nofollow\"><strong>r\u00e9pondre \u00e0 la croissance d\u00e9mographique<\/strong> qu\u2019\u00e0 <strong>adapter les infrastructures aux d\u00e9fis environnementaux<\/strong><\/a>.<\/p>\n","protected":false},"excerpt":{"rendered":"Pour la rentr\u00e9e 2025, plus de 32 000 \u00e9l\u00e8ves sont inscrits dans les \u00e9coles publiques toulousaines. La Ville&hellip;\n","protected":false},"author":2,"featured_media":346409,"comment_status":"","ping_status":"","sticky":false,"template":"","format":"standard","meta":{"footnotes":""},"categories":[2816],"tags":[1111,11,1777,674,1011,27,12,2680,25,2312,48247],"class_list":{"0":"post-346408","1":"post","2":"type-post","3":"status-publish","4":"format-standard","5":"has-post-thumbnail","7":"category-toulouse","8":"tag-actu","9":"tag-actualites","10":"tag-eu","11":"tag-europe","12":"tag-fr","13":"tag-france","14":"tag-news","15":"tag-occitanie","16":"tag-republique-francaise","17":"tag-toulouse","18":"tag-toulouse-32-000-u00e9lu00e8ves-font-leur-rentru00e9eu2026-et-6-nouvelles-u00e9coles-ouvrent-en-septembre"},"share_on_mastodon":{"url":"https:\/\/pubeurope.com\/@fr\/115097992408819372","error":""},"_links":{"self":[{"href":"https:\/\/www.europesays.com\/fr\/wp-json\/wp\/v2\/posts\/346408","targetHints":{"allow":["GET"]}}],"collection":[{"href":"https:\/\/www.europesays.com\/fr\/wp-json\/wp\/v2\/posts"}],"about":[{"href":"https:\/\/www.europesays.com\/fr\/wp-json\/wp\/v2\/types\/post"}],"author":[{"embeddable":true,"href":"https:\/\/www.europesays.com\/fr\/wp-json\/wp\/v2\/users\/2"}],"replies":[{"embeddable":true,"href":"https:\/\/www.europesays.com\/fr\/wp-json\/wp\/v2\/comments?post=346408"}],"version-history":[{"count":0,"href":"https:\/\/www.europesays.com\/fr\/wp-json\/wp\/v2\/posts\/346408\/revisions"}],"wp:featuredmedia":[{"embeddable":true,"href":"https:\/\/www.europesays.com\/fr\/wp-json\/wp\/v2\/media\/346409"}],"wp:attachment":[{"href":"https:\/\/www.europesays.com\/fr\/wp-json\/wp\/v2\/media?parent=346408"}],"wp:term":[{"taxonomy":"category","embeddable":true,"href":"https:\/\/www.europesays.com\/fr\/wp-json\/wp\/v2\/categories?post=346408"},{"taxonomy":"post_tag","embeddable":true,"href":"https:\/\/www.europesays.com\/fr\/wp-json\/wp\/v2\/tags?post=346408"}],"curies":[{"name":"wp","href":"https:\/\/api.w.org\/{rel}","templated":true}]}}