{"id":346410,"date":"2025-08-27T00:52:11","date_gmt":"2025-08-27T00:52:11","guid":{"rendered":"https:\/\/www.europesays.com\/fr\/346410\/"},"modified":"2025-08-27T00:52:11","modified_gmt":"2025-08-27T00:52:11","slug":"previsions-du-mercredi-27-aout-2025-7","status":"publish","type":"post","link":"https:\/\/www.europesays.com\/fr\/346410\/","title":{"rendered":"pr\u00e9visions du mercredi 27 ao\u00fbt 2025"},"content":{"rendered":"<p>Aujourd&rsquo;hui, le vent va progressivement chasser la grisaille \u00e0 Lille. On anticipe des valeurs avoisinant 21\u00b0C. Un vent de sud-ouest soufflera l\u00e9g\u00e8rement, avec 12 km\/h. Le matin, le mercure affichera 21\u00b0C en moyenne. Les temp\u00e9ratures vont monter pendant l&rsquo;apr\u00e8s-midi de quelques degr\u00e9s. Les valeurs s&rsquo;\u00e9chelonneront de 24 \u00e0 26\u00b0C. Des \u00e9claircies sont attendues : on passera une soir\u00e9e agr\u00e9able. On passera de mercredi \u00e0 jeudi par une nuit claire.<\/p>\n<p>Une chute des temp\u00e9ratures est \u00e0 pr\u00e9voir \u00e0 Lille, demain. Il va faire en moyenne 20\u00b0C. Un modeste vent de sud-ouest sera ressenti par les habitants. Le soleil brillerait plus t\u00f4t dans la matin\u00e9e si des nuages ne retardaient pas sa venue. Des pluies \u00e9parses vont tomber. L&rsquo;apr\u00e8s-midi qui s&rsquo;annonce, promet d&rsquo;\u00eatre superbe et ensoleill\u00e9 ! C&rsquo;est une hausse de plusieurs degr\u00e9s que vont enregistrer les temp\u00e9ratures. Les valeurs seront de 22\u00b0C au minimum et de 25\u00b0C au plus haut. La soir\u00e9e sera marqu\u00e9e par des orages de faible intensit\u00e9. Les temp\u00e9ratures tourneront autour des 18\u00b0C.<\/p>\n<p>Le temps sera plut\u00f4t mitig\u00e9 les prochains jours. Une am\u00e9lioration est annonc\u00e9e samedi, alors que la journ\u00e9e de vendredi aura \u00e9t\u00e9 pluvieuse.<\/p>\n<p><\/p>\n","protected":false},"excerpt":{"rendered":"Aujourd&rsquo;hui, le vent va progressivement chasser la grisaille \u00e0 Lille. On anticipe des valeurs avoisinant 21\u00b0C. Un vent&hellip;\n","protected":false},"author":2,"featured_media":346411,"comment_status":"","ping_status":"","sticky":false,"template":"","format":"standard","meta":{"footnotes":""},"categories":[2815],"tags":[1111,11,1777,674,1011,27,811,1307,12,1308,1309,2119,25],"class_list":{"0":"post-346410","1":"post","2":"type-post","3":"status-publish","4":"format-standard","5":"has-post-thumbnail","7":"category-lille","8":"tag-actu","9":"tag-actualites","10":"tag-eu","11":"tag-europe","12":"tag-fr","13":"tag-france","14":"tag-hauts-de-france","15":"tag-lille","16":"tag-news","17":"tag-nord","18":"tag-nord-pas-de-calais","19":"tag-previsions-meteo","20":"tag-republique-francaise"},"share_on_mastodon":{"url":"https:\/\/pubeurope.com\/@fr\/115097996305256882","error":""},"_links":{"self":[{"href":"https:\/\/www.europesays.com\/fr\/wp-json\/wp\/v2\/posts\/346410","targetHints":{"allow":["GET"]}}],"collection":[{"href":"https:\/\/www.europesays.com\/fr\/wp-json\/wp\/v2\/posts"}],"about":[{"href":"https:\/\/www.europesays.com\/fr\/wp-json\/wp\/v2\/types\/post"}],"author":[{"embeddable":true,"href":"https:\/\/www.europesays.com\/fr\/wp-json\/wp\/v2\/users\/2"}],"replies":[{"embeddable":true,"href":"https:\/\/www.europesays.com\/fr\/wp-json\/wp\/v2\/comments?post=346410"}],"version-history":[{"count":0,"href":"https:\/\/www.europesays.com\/fr\/wp-json\/wp\/v2\/posts\/346410\/revisions"}],"wp:featuredmedia":[{"embeddable":true,"href":"https:\/\/www.europesays.com\/fr\/wp-json\/wp\/v2\/media\/346411"}],"wp:attachment":[{"href":"https:\/\/www.europesays.com\/fr\/wp-json\/wp\/v2\/media?parent=346410"}],"wp:term":[{"taxonomy":"category","embeddable":true,"href":"https:\/\/www.europesays.com\/fr\/wp-json\/wp\/v2\/categories?post=346410"},{"taxonomy":"post_tag","embeddable":true,"href":"https:\/\/www.europesays.com\/fr\/wp-json\/wp\/v2\/tags?post=346410"}],"curies":[{"name":"wp","href":"https:\/\/api.w.org\/{rel}","templated":true}]}}