{"id":346414,"date":"2025-08-27T00:54:10","date_gmt":"2025-08-27T00:54:10","guid":{"rendered":"https:\/\/www.europesays.com\/fr\/346414\/"},"modified":"2025-08-27T00:54:10","modified_gmt":"2025-08-27T00:54:10","slug":"previsions-du-mercredi-27-aout-2025-8","status":"publish","type":"post","link":"https:\/\/www.europesays.com\/fr\/346414\/","title":{"rendered":"pr\u00e9visions du mercredi 27 ao\u00fbt 2025"},"content":{"rendered":"<p>\u00c0 Marseille les valeurs afficheront entre 23 et 28\u00b0C aujourd&rsquo;hui. Un modeste vent de sud-est sera ressenti par les habitants. Le matin, le beau temps va peu \u00e0 peu prendre la place des nuages. Les temp\u00e9ratures s&rsquo;\u00e9chelonneront de 23 \u00e0 27\u00b0C. Cet apr\u00e8s-midi rimera avec beau soleil. Les valeurs s&rsquo;\u00e9chelonneront entre 27\u00b0C et 28\u00b0C. Le ciel sera relativement lumineux, avec quelques \u00e9claircies le soir. Il va faire en moyenne 25\u00b0C. Le ciel sera limpide dans la nuit de mercredi \u00e0 jeudi.<\/p>\n<p>Demain, une chute du mercure est \u00e0 craindre \u00e0 Marseille. Le mercure affichera 24\u00b0C en moyenne. Un vent de nord-ouest rafra\u00eechira sensiblement l&rsquo;atmosph\u00e8re. Des averses sont attendues le matin. La ville se retrouvera de temps en temps sous la pluie. Les temp\u00e9ratures tourneront autour des 23\u00b0C. Demain apr\u00e8s-midi, un grand soleil brillera. Les maximales iront jusqu&rsquo;\u00e0 26\u00b0C alors que les minimales seront de 25\u00b0C.<\/p>\n<p>Peu de changements pour la suite. Un ciel ensoleill\u00e9, pour des temp\u00e9ratures de 26\u00b0C environ, est pr\u00e9vu.<\/p>\n<p><\/p>\n","protected":false},"excerpt":{"rendered":"\u00c0 Marseille les valeurs afficheront entre 23 et 28\u00b0C aujourd&rsquo;hui. Un modeste vent de sud-est sera ressenti par&hellip;\n","protected":false},"author":2,"featured_media":346415,"comment_status":"","ping_status":"","sticky":false,"template":"","format":"standard","meta":{"footnotes":""},"categories":[2814],"tags":[1111,11,885,1777,674,1011,27,884,12,883,2119,882,25],"class_list":{"0":"post-346414","1":"post","2":"type-post","3":"status-publish","4":"format-standard","5":"has-post-thumbnail","7":"category-marseille","8":"tag-actu","9":"tag-actualites","10":"tag-bouches-du-rhone","11":"tag-eu","12":"tag-europe","13":"tag-fr","14":"tag-france","15":"tag-marseille","16":"tag-news","17":"tag-paca","18":"tag-previsions-meteo","19":"tag-provence-alpes-cote-dazur","20":"tag-republique-francaise"},"share_on_mastodon":{"url":"https:\/\/pubeurope.com\/@fr\/115098003951461695","error":""},"_links":{"self":[{"href":"https:\/\/www.europesays.com\/fr\/wp-json\/wp\/v2\/posts\/346414","targetHints":{"allow":["GET"]}}],"collection":[{"href":"https:\/\/www.europesays.com\/fr\/wp-json\/wp\/v2\/posts"}],"about":[{"href":"https:\/\/www.europesays.com\/fr\/wp-json\/wp\/v2\/types\/post"}],"author":[{"embeddable":true,"href":"https:\/\/www.europesays.com\/fr\/wp-json\/wp\/v2\/users\/2"}],"replies":[{"embeddable":true,"href":"https:\/\/www.europesays.com\/fr\/wp-json\/wp\/v2\/comments?post=346414"}],"version-history":[{"count":0,"href":"https:\/\/www.europesays.com\/fr\/wp-json\/wp\/v2\/posts\/346414\/revisions"}],"wp:featuredmedia":[{"embeddable":true,"href":"https:\/\/www.europesays.com\/fr\/wp-json\/wp\/v2\/media\/346415"}],"wp:attachment":[{"href":"https:\/\/www.europesays.com\/fr\/wp-json\/wp\/v2\/media?parent=346414"}],"wp:term":[{"taxonomy":"category","embeddable":true,"href":"https:\/\/www.europesays.com\/fr\/wp-json\/wp\/v2\/categories?post=346414"},{"taxonomy":"post_tag","embeddable":true,"href":"https:\/\/www.europesays.com\/fr\/wp-json\/wp\/v2\/tags?post=346414"}],"curies":[{"name":"wp","href":"https:\/\/api.w.org\/{rel}","templated":true}]}}