{"id":346416,"date":"2025-08-27T00:55:20","date_gmt":"2025-08-27T00:55:20","guid":{"rendered":"https:\/\/www.europesays.com\/fr\/346416\/"},"modified":"2025-08-27T00:55:20","modified_gmt":"2025-08-27T00:55:20","slug":"tourists-go-home-%f0%9f%94%b4-info-libertaire","status":"publish","type":"post","link":"https:\/\/www.europesays.com\/fr\/346416\/","title":{"rendered":"\u00ab Tourists go home\u00a0\u00bb \u2013 \ud83d\udd34 Info Libertaire"},"content":{"rendered":"<p><\/p>\n<p>extrait de France Bleu \/ samedi 23 ao\u00fbt 2025<\/p>\n<p><a href=\"https:\/\/www.anarchistfederation.net\/pixel.jpg\" rel=\"nofollow noopener\" target=\"_blank\"><img loading=\"lazy\" decoding=\"async\" class=\" wp-image-60360 alignright lazy\" src=\"\" style=\"width:1px;height:1px;display:none!important\" alt=\"\" width=\"243\" height=\"138\" data-pagespeed-url-hash=\"3645732280\" onload=\"pagespeed.CriticalImages.checkImageForCriticality(this);\"\/><\/a>Apr\u00e8s la chasse aux Airbnb, l\u2019hostilit\u00e9 assum\u00e9e envers les touristes\u00a0s\u2019affiche dans l\u2019espace public \u00e0 Marseille. Des tags \u00ab\u00a0<strong>Tourists, go home!<\/strong>\u00a0\u00bb (\u00ab\u00a0Touristes, rentrez chez vous\u00a0\u00bb, ndlr) ont fleuri dans l\u2019escalier qui descend vers la crique de Malmousque, dans le 7e arrondissement. Ils seront effac\u00e9s dans les prochains jours, assure la Ville. [\u2026]<br \/>[\u2026] certains habitants confient leur agacement \u00e0 propos des nuisances g\u00e9n\u00e9r\u00e9es par le tourisme, dans une ville qui compte 15.000 logements touristiques. [\u2026]<\/p>\n<p><\/p>\n<p><a href=\"https:\/\/www.europesays.com\/fr\/wp-content\/uploads\/2025\/08\/marseille-tourists-go-home.webp\"><img loading=\"lazy\" decoding=\"async\" class=\"aligncenter wp-image-60359 size-full lazy\" src=\"https:\/\/www.europesays.com\/fr\/wp-content\/uploads\/2025\/08\/marseille-tourists-go-home.webp\" alt=\"\" width=\"600\" height=\"450\" data-pagespeed-url-hash=\"232361582\" onload=\"pagespeed.CriticalImages.checkImageForCriticality(this);\"\/><\/a><\/p>\n<p><br clear=\"both\"\/><\/p>\n<p><\/p>\n<p><strong>Source:<\/strong> <a href=\"https:\/\/attaque.noblogs.org\/post\/2025\/08\/26\/marseille-tourists-go-home\/\" target=\"_blank\" rel=\"nofollow noopener\">Attaque.noblogs.org<\/a><br \/>\n<\/p>\n<p><a href=\"https:\/\/www.libertaire.net\" class=\"forum-button\" style=\"border-top:0\" rel=\"nofollow noopener\" target=\"_blank\"><\/p>\n<p>Commenter Dans Le Forum\t<\/a><\/p>\n","protected":false},"excerpt":{"rendered":"extrait de France Bleu \/ samedi 23 ao\u00fbt 2025 Apr\u00e8s la chasse aux Airbnb, l\u2019hostilit\u00e9 assum\u00e9e envers les&hellip;\n","protected":false},"author":2,"featured_media":346417,"comment_status":"","ping_status":"","sticky":false,"template":"","format":"standard","meta":{"footnotes":""},"categories":[2814],"tags":[1111,11,1777,674,1011,27,884,12,882,25],"class_list":{"0":"post-346416","1":"post","2":"type-post","3":"status-publish","4":"format-standard","5":"has-post-thumbnail","7":"category-marseille","8":"tag-actu","9":"tag-actualites","10":"tag-eu","11":"tag-europe","12":"tag-fr","13":"tag-france","14":"tag-marseille","15":"tag-news","16":"tag-provence-alpes-cote-dazur","17":"tag-republique-francaise"},"share_on_mastodon":{"url":"https:\/\/pubeurope.com\/@fr\/115098008144326763","error":""},"_links":{"self":[{"href":"https:\/\/www.europesays.com\/fr\/wp-json\/wp\/v2\/posts\/346416","targetHints":{"allow":["GET"]}}],"collection":[{"href":"https:\/\/www.europesays.com\/fr\/wp-json\/wp\/v2\/posts"}],"about":[{"href":"https:\/\/www.europesays.com\/fr\/wp-json\/wp\/v2\/types\/post"}],"author":[{"embeddable":true,"href":"https:\/\/www.europesays.com\/fr\/wp-json\/wp\/v2\/users\/2"}],"replies":[{"embeddable":true,"href":"https:\/\/www.europesays.com\/fr\/wp-json\/wp\/v2\/comments?post=346416"}],"version-history":[{"count":0,"href":"https:\/\/www.europesays.com\/fr\/wp-json\/wp\/v2\/posts\/346416\/revisions"}],"wp:featuredmedia":[{"embeddable":true,"href":"https:\/\/www.europesays.com\/fr\/wp-json\/wp\/v2\/media\/346417"}],"wp:attachment":[{"href":"https:\/\/www.europesays.com\/fr\/wp-json\/wp\/v2\/media?parent=346416"}],"wp:term":[{"taxonomy":"category","embeddable":true,"href":"https:\/\/www.europesays.com\/fr\/wp-json\/wp\/v2\/categories?post=346416"},{"taxonomy":"post_tag","embeddable":true,"href":"https:\/\/www.europesays.com\/fr\/wp-json\/wp\/v2\/tags?post=346416"}],"curies":[{"name":"wp","href":"https:\/\/api.w.org\/{rel}","templated":true}]}}