{"id":346418,"date":"2025-08-27T00:56:11","date_gmt":"2025-08-27T00:56:11","guid":{"rendered":"https:\/\/www.europesays.com\/fr\/346418\/"},"modified":"2025-08-27T00:56:11","modified_gmt":"2025-08-27T00:56:11","slug":"accuse-davoir-monte-le-sauvetage-de-deux-enfants-abandonnes-a-venissieux-farid-ben-moussa-attaque-des-adjoints","status":"publish","type":"post","link":"https:\/\/www.europesays.com\/fr\/346418\/","title":{"rendered":"Accus\u00e9 d&rsquo;avoir mont\u00e9 le sauvetage de deux enfants abandonn\u00e9s \u00e0 V\u00e9nissieux, Farid Ben Moussa attaque des adjoints"},"content":{"rendered":"<p>Cet \u00e9t\u00e9, la vie \u00e0 V\u00e9nissieux n&rsquo;a pas \u00e9t\u00e9 un long fleuve tranquille. Outre les tirs d&rsquo;intimidation sur les points de deal et l&rsquo;incendie mortel de l&rsquo;avenue Division Leclerc, on retiendra la d\u00e9couverte de deux enfants abandonn\u00e9s par leurs parents et qui ont err\u00e9 plusieurs jours dans les rues de la ville, avant d&rsquo;\u00eatre r\u00e9cup\u00e9r\u00e9s par Farid Ben Moussa. Le conseiller municipal d&rsquo;opposition avait ensuite pr\u00e9venu les forces de l&rsquo;ordre, qui ont depuis identifi\u00e9 les parents, issus de la communaut\u00e9 rom.<\/p>\n<p>Sauf qu&rsquo;avec la m\u00e9diatisation de l&rsquo;affaire, cela avait suscit\u00e9 quelques <a href=\"https:\/\/www.lyonmag.com\/article\/145894\/enfants-abandonnes-a-venissieux-les-parents-identifies-le-1er-adjoint-au-maire-verse-dans-le-complotisme\" target=\"_blank\" rel=\"noopener nofollow\">commentaires acerbes du c\u00f4t\u00e9 de la majorit\u00e9 communiste v\u00e9nissianne<\/a>. Nacer Khamla, 1er adjoint de la maire Mich\u00e8le Picard, avait ainsi fait part sur Facebook de son \u00e9tonnement que ce soit Farid Ben Moussa parmi tous les habitants de la 3e commune du Rh\u00f4ne qui d\u00e9couvre les enfants. Une mani\u00e8re de sous-entendre qu&rsquo;il ait pu organiser un buzz m\u00e9diatique \u00e0 sa gloire.<\/p>\n<p>Pour ce commentaire estival, Nacer Khamla fait l&rsquo;objet d&rsquo;une plainte en diffamation de la part du mis en cause.<\/p>\n<p>Qui est \u00ab\u00a0Gracchus Babeuf\u00a0\u00bb ?<\/p>\n<p>Mais Farid Ben Moussa ne s&rsquo;arr\u00eate pas l\u00e0 et s&rsquo;en prend \u00e9galement au compte Facebook qui h\u00e9bergeait le commentaire de Nacer Khamla, \u00e0 savoir un certain \u00ab\u00a0Gracchus Babeuf\u00a0\u00bb. Un compte troll et anonyme, qui relaie des informations sur la vie \u00e0 V\u00e9nissieux, mais avec une forte tendance rouge, voire une certaine adoration pour le travail de l&rsquo;adjoint Pierre-Alain Millet, dont il relaie assez souvent les \u00e9crits de son blog.<\/p>\n<p>Dans sa plainte en diffamation, Farid Ben Moussa demande \u00e0 la justice de d\u00e9busquer la personne qui d\u00e9tient le compte \u00ab\u00a0Gracchus Babeuf\u00a0\u00bb, responsable devant la loi des commentaires \u00e9crits sous ses publications, m\u00eame si le travail d&rsquo;enqu\u00eate a d\u00e9j\u00e0 \u00e9t\u00e9 m\u00e2ch\u00e9 par l&rsquo;\u00e9lu et \u00e9ditorialiste de LyonMag.<\/p>\n<p>En effet, selon lui, Pierre-Alain Millet est \u00e0 la t\u00eate d&rsquo;une SCI nomm\u00e9e\u2026 Gracchus Babeuf. Co\u00efncidence ?<\/p>\n<p>\u00ab\u00a0Le fait qu\u2019un \u00e9lu d\u2019importance, en charge de responsabilit\u00e9s majeures dans la ville et dans deux structures publiques locales, se cache derri\u00e8re un faux profil pour s\u2019attaquer anonymement \u00e0 ses opposants politiques, est particuli\u00e8rement choquant et d\u00e9montre l\u2019intention nuisible des auteurs\u00a0\u00bb, conclut Farid Ben Moussa dans son d\u00e9p\u00f4t de plainte.<\/p>\n","protected":false},"excerpt":{"rendered":"Cet \u00e9t\u00e9, la vie \u00e0 V\u00e9nissieux n&rsquo;a pas \u00e9t\u00e9 un long fleuve tranquille. Outre les tirs d&rsquo;intimidation sur&hellip;\n","protected":false},"author":2,"featured_media":346419,"comment_status":"","ping_status":"","sticky":false,"template":"","format":"standard","meta":{"footnotes":""},"categories":[1889],"tags":[1111,11,2813,2190,2430,1109,251,1112,2811,1777,674,118,1011,27,1922,1110,1114,2428,2810,12,241,316,25,2812,517,800],"class_list":{"0":"post-346418","1":"post","2":"type-post","3":"status-publish","4":"format-standard","5":"has-post-thumbnail","7":"category-lyon","8":"tag-actu","9":"tag-actualites","10":"tag-article","11":"tag-asvel","12":"tag-auvergne-rhone-alpes","13":"tag-breves","14":"tag-culture","15":"tag-depeches","16":"tag-economique","17":"tag-eu","18":"tag-europe","19":"tag-faits-divers","20":"tag-fr","21":"tag-france","22":"tag-info","23":"tag-informations","24":"tag-infos","25":"tag-lyon","26":"tag-lyonmag","27":"tag-news","28":"tag-ol","29":"tag-politique","30":"tag-republique-francaise","31":"tag-sociale","32":"tag-sport","33":"tag-transports"},"share_on_mastodon":{"url":"https:\/\/pubeurope.com\/@fr\/115098011876325119","error":""},"_links":{"self":[{"href":"https:\/\/www.europesays.com\/fr\/wp-json\/wp\/v2\/posts\/346418","targetHints":{"allow":["GET"]}}],"collection":[{"href":"https:\/\/www.europesays.com\/fr\/wp-json\/wp\/v2\/posts"}],"about":[{"href":"https:\/\/www.europesays.com\/fr\/wp-json\/wp\/v2\/types\/post"}],"author":[{"embeddable":true,"href":"https:\/\/www.europesays.com\/fr\/wp-json\/wp\/v2\/users\/2"}],"replies":[{"embeddable":true,"href":"https:\/\/www.europesays.com\/fr\/wp-json\/wp\/v2\/comments?post=346418"}],"version-history":[{"count":0,"href":"https:\/\/www.europesays.com\/fr\/wp-json\/wp\/v2\/posts\/346418\/revisions"}],"wp:featuredmedia":[{"embeddable":true,"href":"https:\/\/www.europesays.com\/fr\/wp-json\/wp\/v2\/media\/346419"}],"wp:attachment":[{"href":"https:\/\/www.europesays.com\/fr\/wp-json\/wp\/v2\/media?parent=346418"}],"wp:term":[{"taxonomy":"category","embeddable":true,"href":"https:\/\/www.europesays.com\/fr\/wp-json\/wp\/v2\/categories?post=346418"},{"taxonomy":"post_tag","embeddable":true,"href":"https:\/\/www.europesays.com\/fr\/wp-json\/wp\/v2\/tags?post=346418"}],"curies":[{"name":"wp","href":"https:\/\/api.w.org\/{rel}","templated":true}]}}