{"id":346420,"date":"2025-08-27T00:57:31","date_gmt":"2025-08-27T00:57:31","guid":{"rendered":"https:\/\/www.europesays.com\/fr\/346420\/"},"modified":"2025-08-27T00:57:31","modified_gmt":"2025-08-27T00:57:31","slug":"a-lyon-la-mairie-engage-des-etudes-pour-preparer-la-renovation-de-lhotel-de-ville","status":"publish","type":"post","link":"https:\/\/www.europesays.com\/fr\/346420\/","title":{"rendered":"\u00c0 Lyon, la mairie engage des \u00e9tudes pour pr\u00e9parer la r\u00e9novation de l&rsquo;H\u00f4tel de Ville"},"content":{"rendered":"<p>                            <img loading=\"lazy\" width=\"1081\" height=\"675\" class=\"attachment-article size-article wp-post-image lazyload\" alt=\"H\u00f4tel de ville de Lyon\" decoding=\"async\" src=\"https:\/\/www.europesays.com\/fr\/wp-content\/uploads\/2025\/08\/Hotel-de-ville-Romane-Thevenot-copy-2-scaled-e1674205343817.jpg\" data-eio-rwidth=\"1081\" data-eio-rheight=\"675\"\/><\/p>\n<p>H\u00f4tel de ville de Lyon \u00a9 Romane Thevenot<\/p>\n<p class=\"content\" style=\"font-size:1.2em;font-weight:700\">La Ville de Lyon engage une vaste \u00e9tude patrimoniale en vue d&rsquo;une restauration de l&rsquo;H\u00f4tel de Ville, class\u00e9 Monument historique depuis 1886.<\/p>\n<p>Dans un communiqu\u00e9 de presse diffus\u00e9 ce mardi, la Ville de Lyon indique lancer une \u00e9tude patrimoniale de l&rsquo;H\u00f4tel de Ville \u00ab\u00a0en vue de sa restauration\u00a0\u00bb. Pendant deux ans, le cabinet d&rsquo;architectes du patrimoine RL&amp;Associ\u00e9s ainsi qu&rsquo;un groupement de restaurateurs sp\u00e9cialis\u00e9s devront \u00ab\u00a0r\u00e9aliser un diagnostic sanitaire et thermique\u00a0\u00bb et \u00ab\u00a0expertiser un patrimoine architectural, d\u00e9coratif et mobilier remarquable\u00a0\u00bb, indique la mairie. <\/p>\n<p>L&rsquo;\u00e9tude est financ\u00e9e \u00e0 hauteur de 250 000 \u20ac par la Ville de Lyon et b\u00e9n\u00e9ficie \u00e9galement du soutien de l&rsquo;\u00c9tat \u00e0 hauteur de 85 000 \u20ac. L&rsquo;H\u00f4tel de Ville de Lyon est class\u00e9 Monument historique depuis 1886 mais souffre d&rsquo;un \u00e9tat de d\u00e9gradation, \u00ab\u00a0accentu\u00e9 par le temps et la pollution\u00a0\u00bb, indique la Ville. <\/p>\n<p>Les futurs travaux devront r\u00e9pondre \u00e0 plusieurs imp\u00e9ratifs, notamment la mise aux normes accessibilit\u00e9, le renouvellement des \u00e9quipements techniques, une r\u00e9duction de la consommation \u00e9nerg\u00e9tique et une am\u00e9lioration du confort thermique en \u00e9t\u00e9. <\/p>\n","protected":false},"excerpt":{"rendered":"H\u00f4tel de ville de Lyon \u00a9 Romane Thevenot La Ville de Lyon engage une vaste \u00e9tude patrimoniale en&hellip;\n","protected":false},"author":2,"featured_media":346421,"comment_status":"","ping_status":"","sticky":false,"template":"","format":"standard","meta":{"footnotes":""},"categories":[1889],"tags":[1111,11,2430,1777,674,1011,27,2428,12,25],"class_list":{"0":"post-346420","1":"post","2":"type-post","3":"status-publish","4":"format-standard","5":"has-post-thumbnail","7":"category-lyon","8":"tag-actu","9":"tag-actualites","10":"tag-auvergne-rhone-alpes","11":"tag-eu","12":"tag-europe","13":"tag-fr","14":"tag-france","15":"tag-lyon","16":"tag-news","17":"tag-republique-francaise"},"share_on_mastodon":{"url":"https:\/\/pubeurope.com\/@fr\/115098015693347651","error":""},"_links":{"self":[{"href":"https:\/\/www.europesays.com\/fr\/wp-json\/wp\/v2\/posts\/346420","targetHints":{"allow":["GET"]}}],"collection":[{"href":"https:\/\/www.europesays.com\/fr\/wp-json\/wp\/v2\/posts"}],"about":[{"href":"https:\/\/www.europesays.com\/fr\/wp-json\/wp\/v2\/types\/post"}],"author":[{"embeddable":true,"href":"https:\/\/www.europesays.com\/fr\/wp-json\/wp\/v2\/users\/2"}],"replies":[{"embeddable":true,"href":"https:\/\/www.europesays.com\/fr\/wp-json\/wp\/v2\/comments?post=346420"}],"version-history":[{"count":0,"href":"https:\/\/www.europesays.com\/fr\/wp-json\/wp\/v2\/posts\/346420\/revisions"}],"wp:featuredmedia":[{"embeddable":true,"href":"https:\/\/www.europesays.com\/fr\/wp-json\/wp\/v2\/media\/346421"}],"wp:attachment":[{"href":"https:\/\/www.europesays.com\/fr\/wp-json\/wp\/v2\/media?parent=346420"}],"wp:term":[{"taxonomy":"category","embeddable":true,"href":"https:\/\/www.europesays.com\/fr\/wp-json\/wp\/v2\/categories?post=346420"},{"taxonomy":"post_tag","embeddable":true,"href":"https:\/\/www.europesays.com\/fr\/wp-json\/wp\/v2\/tags?post=346420"}],"curies":[{"name":"wp","href":"https:\/\/api.w.org\/{rel}","templated":true}]}}