{"id":346430,"date":"2025-08-27T01:04:12","date_gmt":"2025-08-27T01:04:12","guid":{"rendered":"https:\/\/www.europesays.com\/fr\/346430\/"},"modified":"2025-08-27T01:04:12","modified_gmt":"2025-08-27T01:04:12","slug":"maxime-comtois-a-retrouve-le-plaisir-de-jouer-en-russie","status":"publish","type":"post","link":"https:\/\/www.europesays.com\/fr\/346430\/","title":{"rendered":"Maxime Comtois a retrouv\u00e9 le plaisir de jouer en Russie"},"content":{"rendered":"<p><strong>Maxime Comtois s\u2019attendait \u00e0 avoir une chance de revenir jouer en Am\u00e9rique du Nord la saison prochaine, mais il est loin d\u2019\u00eatre malheureux de retourner en Russie.<\/strong>\u00a0<\/p>\n<p>Apr\u00e8s un d\u00e9but de carri\u00e8re en demi-teinte dans la Ligue nationale de hockey (LNH), le Qu\u00e9b\u00e9cois s\u2019est tourn\u00e9 vers le Dynamo de Moscou pour la campagne 2024-2025. Il pensait que son bon rendement allait lui permettre de rentrer au bercail.<\/p>\n<p class=\"toreadalso-fromEMP\"><strong>\u2022 \u00c0 lire aussi: <\/strong><a href=\"https:\/\/www.journaldemontreal.com\/2025\/08\/26\/lnh-un-debut-de-saison-reguliere-des-le-mois-de-septembre\" target=\"a72fde56-af69-48e2-9ffc-79e8d69f1494\" rel=\"nofollow noopener\"><strong>LNH: un d\u00e9but de saison r\u00e9guli\u00e8re d\u00e8s le mois de septembre? <\/strong><\/a><\/p>\n<p class=\"toreadalso-fromEMP\"><strong>\u2022 \u00c0 lire aussi: <\/strong><a href=\"https:\/\/www.journaldequebec.com\/2025\/08\/26\/non-les-remparts-nont-pas-fait-de-politique-en-offrant-un-poste-a-ce-defenseur-qui-joue-comme-lane-hutson\" target=\"d6488480-a75b-4d6e-8824-c57c01f0b4f6\" rel=\"nofollow noopener\"><strong>Non, les Remparts n\u2019ont pas fait de politique en offrant un poste \u00e0 ce d\u00e9fenseur qui joue comme Lane Hutson<\/strong><\/a><\/p>\n<p>Or, les offres suffisamment satisfaisantes ne sont pas venues et le Longueuillois a d\u00fb prendre une d\u00e9cision. Le Dynamo, qui l\u2019avait lib\u00e9r\u00e9 au terme de la saison, l\u2019a accueilli \u00e0 bras ouverts.<\/p>\n<p>\u00abJe m\u2019attendais quand m\u00eame \u00e0 revenir cette ann\u00e9e. Au bout du compte, je me suis donn\u00e9 une semaine apr\u00e8s le 1er juillet. [&#8230;] Un matin, ma femme m\u2019a juste dit : \u201cPourquoi est-ce qu\u2019on ne retourne pas juste l\u00e0-bas?\u201d \u201cParfait, on s\u2019en retourne l\u00e0-bas\u201d, j\u2019ai dit\u00bb, a-t-il racont\u00e9 <a href=\"https:\/\/www.instagram.com\/sansrestriction\/\" target=\"_self\" rel=\"nofollow noopener\">durant un r\u00e9cent \u00e9pisode du balado de Kevin Raphael Sans Restriction<\/a>.<\/p>\n<p>\u00c9videmment, l\u2019opinion de son \u00e9pouse \u00e9tait primordiale. Le joueur de 26 ans a eu la chance de l\u2019avoir \u00e0 ses c\u00f4t\u00e9s durant toute la derni\u00e8re ann\u00e9e en Russie. \u00abJe ne prends pas une d\u00e9cision sans la consulter. Il faut qu\u2019elle soit bien dans une ville\u00bb, a confi\u00e9 Comtois.<\/p>\n<p>\u00ab\u00c0 Moscou, on est vraiment bien trait\u00e9, a-t-il poursuivi. \u00c7a fait longtemps que je n\u2019ai pas eu une ann\u00e9e o\u00f9 j\u2019ai eu du fun comme \u00e7a \u00e0 jouer au hockey. J\u2019allais \u00e0 l\u2019ar\u00e9na, j\u2019\u00e9tais souriant. J\u2019avais de la difficult\u00e9 \u00e0 faire \u00e7a dans les derni\u00e8res ann\u00e9es.\u00bb<\/p>\n<p>  <strong>Pas une partie de plaisir<\/strong><\/p>\n<p>Le gros attaquant a rapidement montr\u00e9 ses qualit\u00e9s en KHL. Il a amass\u00e9 50 points en 62 matchs tout en obtenant 99 minutes de p\u00e9nalit\u00e9. En s\u00e9ries, il a \u00e9t\u00e9 le meilleur de son \u00e9quipe avec 13 points, dont sept buts, en 15 parties.<\/p>\n<p>Mais n\u2019allez pas croire que c\u2019est plus facile en Russie que dans la LNH. En fait, Comtois n\u2019a jamais v\u00e9cu rien de plus difficile.<\/p>\n<p>\u00abNotre camp d\u2019entra\u00eenement, c\u2019est le plus dur de la ligue. C\u2019est deux fois par jour, avec un entra\u00eenement [en gym]. Le deuxi\u00e8me, c\u2019est 45 minutes de patin pas de rondelle sur une glace de patinage de vitesse\u00bb, a-t-il expliqu\u00e9.<\/p>\n<p>De quoi remettre dans le rang les joueurs qui ne se pr\u00e9sentent pas en forme&#8230;<\/p>\n<p>En collaboration avec nos partenaires<\/p>\n<p>  <script async src=\"\/\/www.instagram.com\/embed.js\"><\/script><\/p>\n","protected":false},"excerpt":{"rendered":"Maxime Comtois s\u2019attendait \u00e0 avoir une chance de revenir jouer en Am\u00e9rique du Nord la saison prochaine, mais&hellip;\n","protected":false},"author":2,"featured_media":346431,"comment_status":"","ping_status":"","sticky":false,"template":"","format":"standard","meta":{"footnotes":""},"categories":[1591],"tags":[11,1887,12,1885,1886,132],"class_list":{"0":"post-346430","1":"post","2":"type-post","3":"status-publish","4":"format-standard","5":"has-post-thumbnail","7":"category-russie","8":"tag-actualites","9":"tag-federation-de-russie","10":"tag-news","11":"tag-russia","12":"tag-russian-federation","13":"tag-russie"},"share_on_mastodon":{"url":"https:\/\/pubeurope.com\/@fr\/115098043529333947","error":""},"_links":{"self":[{"href":"https:\/\/www.europesays.com\/fr\/wp-json\/wp\/v2\/posts\/346430","targetHints":{"allow":["GET"]}}],"collection":[{"href":"https:\/\/www.europesays.com\/fr\/wp-json\/wp\/v2\/posts"}],"about":[{"href":"https:\/\/www.europesays.com\/fr\/wp-json\/wp\/v2\/types\/post"}],"author":[{"embeddable":true,"href":"https:\/\/www.europesays.com\/fr\/wp-json\/wp\/v2\/users\/2"}],"replies":[{"embeddable":true,"href":"https:\/\/www.europesays.com\/fr\/wp-json\/wp\/v2\/comments?post=346430"}],"version-history":[{"count":0,"href":"https:\/\/www.europesays.com\/fr\/wp-json\/wp\/v2\/posts\/346430\/revisions"}],"wp:featuredmedia":[{"embeddable":true,"href":"https:\/\/www.europesays.com\/fr\/wp-json\/wp\/v2\/media\/346431"}],"wp:attachment":[{"href":"https:\/\/www.europesays.com\/fr\/wp-json\/wp\/v2\/media?parent=346430"}],"wp:term":[{"taxonomy":"category","embeddable":true,"href":"https:\/\/www.europesays.com\/fr\/wp-json\/wp\/v2\/categories?post=346430"},{"taxonomy":"post_tag","embeddable":true,"href":"https:\/\/www.europesays.com\/fr\/wp-json\/wp\/v2\/tags?post=346430"}],"curies":[{"name":"wp","href":"https:\/\/api.w.org\/{rel}","templated":true}]}}