{"id":346432,"date":"2025-08-27T01:05:13","date_gmt":"2025-08-27T01:05:13","guid":{"rendered":"https:\/\/www.europesays.com\/fr\/346432\/"},"modified":"2025-08-27T01:05:13","modified_gmt":"2025-08-27T01:05:13","slug":"le-president-nationaliste-polonais-refuse-de-prolonger-certaines-aides-financieres-aux-refugies-ukrainiens-liberation","status":"publish","type":"post","link":"https:\/\/www.europesays.com\/fr\/346432\/","title":{"rendered":"Le pr\u00e9sident nationaliste polonais refuse de prolonger certaines aides financi\u00e8res aux r\u00e9fugi\u00e9s ukrainiens \u2013 Lib\u00e9ration"},"content":{"rendered":"<p class=\"sc-ksZaOG ehjQrN text-element\">Varsovie fait le tri dans la solidarit\u00e9. <a href=\"https:\/\/www.liberation.fr\/international\/europe\/presidentielle-en-pologne-le-candidat-centriste-et-pro-europeen-rafal-trzaskowski-avec-une-tres-courte-avance-selon-les-premiers-sondages-sortis-des-urnes-20250601_2X24PZQF6JBCPMGW7B4AAAPU74\/\" target=\"_blank\" rel=\"noreferrer noopener\" title=\"https:\/\/www.liberation.fr\/international\/europe\/presidentielle-en-pologne-le-candidat-centriste-et-pro-europeen-rafal-trzaskowski-avec-une-tres-courte-avance-selon-les-premiers-sondages-sortis-des-urnes-20250601_2X24PZQF6JBCPMGW7B4AAAPU74\/\">Fra\u00eechement install\u00e9 dans le fauteuil de pr\u00e9sident de la Pologne<\/a>, Karol Nawrocki n\u2019a pas tard\u00e9 \u00e0 afficher la couleur. Le nouveau chef de l\u2019Etat nationaliste, qui ne cache pas ses sympathies pour Donald Trump, a oppos\u00e9, lundi 25 ao\u00fbt, son v\u00e9to \u00e0 un projet de loi qui visait \u00e0 prolonger la protection et les <a href=\"https:\/\/www.liberation.fr\/international\/europe\/il-faut-aider-lukraine-mais-pas-au-detriment-de-nos-agriculteurs-en-pologne-la-fronde-agricole-senhardit-20240218_M5VVYQKJXNGO5FAAM3X2PBIXGA\/\" target=\"_blank\" rel=\"noreferrer noopener\" title=\"https:\/\/www.liberation.fr\/international\/europe\/il-faut-aider-lukraine-mais-pas-au-detriment-de-nos-agriculteurs-en-pologne-la-fronde-agricole-senhardit-20240218_M5VVYQKJXNGO5FAAM3X2PBIXGA\/\">aides aux r\u00e9fugi\u00e9s ukrainiens<\/a> vivant en Pologne. Selon lui, ces soutiens doivent d\u00e9sormais \u00eatre limit\u00e9s \u00e0 ceux ayant un emploi. Ces aides \u00abdevraient \u00eatre r\u00e9serv\u00e9es uniquement aux Ukrainiens qui s\u2019appliquent \u00e0 travailler en Pologne\u00bb, a-t-il martel\u00e9 \u00e0 la presse, avant d\u2019ajouter qu\u2019il \u00abne changerait pas d\u2019avis\u00bb.<\/p>\n<p class=\"sc-ksZaOG ehjQrN text-element\">Depuis l\u2019invasion de l\u2019Ukraine par la Russie en f\u00e9vrier 2022, <a href=\"https:\/\/www.liberation.fr\/international\/europe\/avec-les-refugies-ukrainiens-pour-notre-exil-la-pologne-allait-de-soi-20220301_SI23RNI6AJHPZCT267JOAGZPGM\/\" target=\"_blank\" rel=\"noreferrer noopener\" title=\"https:\/\/www.liberation.fr\/international\/europe\/avec-les-refugies-ukrainiens-pour-notre-exil-la-pologne-allait-de-soi-20220301_SI23RNI6AJHPZCT267JOAGZPGM\/\">la Pologne s\u2019\u00e9tait montr\u00e9e en premi\u00e8re ligne de l\u2019accueil d\u2019Ukrainiens<\/a>. Plus d\u2019un million de r\u00e9fugi\u00e9s, principalement des femmes et des enfants, ont trouv\u00e9 refuge de l\u2019autre c\u00f4t\u00e9 de la fronti\u00e8re. Le pays reste un pilier du soutien \u00e0 Kyiv, tant sur le plan humanitaire que logistique, notamment pour le transit des armes occidentales \u00e0 l\u2019Ukraine.<\/p>\n<p class=\"sc-ksZaOG ehjQrN text-element\">Le projet de loi, propos\u00e9 par le <a href=\"https:\/\/www.liberation.fr\/international\/europe\/donald-tusk-un-europhile-chevronne-de-retour-aux-manettes-en-pologne-20231016_SSFXZRLGXFDT5HYEEV7SVI2TZI\/?redirected=1\" target=\"_blank\" rel=\"noreferrer noopener\" title=\"https:\/\/www.liberation.fr\/international\/europe\/donald-tusk-un-europhile-chevronne-de-retour-aux-manettes-en-pologne-20231016_SSFXZRLGXFDT5HYEEV7SVI2TZI\/?redirected=1\">gouvernement pro-europ\u00e9en<\/a> et adopt\u00e9 par le Parlement, pr\u00e9voyait la prolongation jusqu\u2019au 4 mars 2026 de la protection temporaire accord\u00e9e aux citoyens ukrainiens fuyant la guerre. Il devait r\u00e9gler un large spectre de sujets concernant, entre autres, les b\u00e9n\u00e9fices sociaux, les questions relatives aux permis des s\u00e9jours, l\u2019exercice de certains m\u00e9tiers par les Ukrainiens ou la prolongation du paiement par la Pologne des abonnements pour le r\u00e9seau de communication am\u00e9ricain Starlink &#8211; essentiel pour les communications militaires en Ukraine. Selon le minist\u00e8re du Num\u00e9rique, la Pologne a d\u00e9pens\u00e9 77 millions d\u2019euros entre 2022 et 2024 pour l\u2019achat et l\u2019abonnement au syst\u00e8me Starlink pour l\u2019Ukraine.<\/p>\n<p class=\"sc-ksZaOG ehjQrN text-element\">La loi actuelle concernant ces domaines expire fin septembre. Selon Karol Nawrocki, qui pendant la campagne \u00e9lectorale a assur\u00e9 qu\u2019il bataillerait pour r\u00e9duire les b\u00e9n\u00e9fices sociaux aux Ukrainiens et leurs enfants vivant en Pologne, celles-ci ne devraient \u00eatre attribu\u00e9es qu\u2019aux personnes ayant un emploi. Selon lui, les r\u00e9fugi\u00e9s ukrainiens ne travaillant pas en Pologne ne devraient plus b\u00e9n\u00e9ficier de la couverture m\u00e9dicale gratuite, \u00abcar cela nous place dans une situation o\u00f9 les citoyens polonais, dans leur propre pays, sont trait\u00e9s moins bien que nos invit\u00e9s ukrainiens\u00bb. Selon le quotidien britannique <a href=\"https:\/\/www.theguardian.com\/world\/2025\/aug\/25\/polands-president-vetoes-legislation-to-prolong-benefits-for-ukrainian-refugees\" target=\"_blank\" rel=\"noreferrer noopener\" title=\"https:\/\/www.theguardian.com\/world\/2025\/aug\/25\/polands-president-vetoes-legislation-to-prolong-benefits-for-ukrainian-refugees\">The Guardian<\/a>, les allocations familiales s\u2019\u00e9l\u00e8vent \u00e0 800 zlotys (environ 188 euros) par mois.<\/p>\n<p class=\"sc-ksZaOG ehjQrN text-element\">Karol Nawrocki a assur\u00e9 que sa d\u00e9cision ne remettait pas en question les objectifs strat\u00e9giques de l\u2019Etat polonais, en l\u2019occurrence le soutien \u00e0 l\u2019Ukraine, car c\u2019est \u00abVladimir Poutine et la F\u00e9d\u00e9ration de Russie [qui] sont \u00e0 l\u2019origine de ce conflit et l\u2019Ukraine [qui] est victime dans cette guerre\u00bb. Il a \u00e9galement annonc\u00e9 qu\u2019il proposerait son propre projet de loi r\u00e9glant ces questions.<\/p>\n<p class=\"sc-ksZaOG ehjQrN text-element\">Ce veto pr\u00e9sidentiel a \u00e9t\u00e9 condamn\u00e9 par le gouvernement pro-europ\u00e9en de <a href=\"https:\/\/www.liberation.fr\/international\/europe\/pologne-lopposition-democratique-savoure-les-sortants-du-pis-saccrochent-20231017_5IOKWDK5XJAUJIX7GWOCMSHS7U\/\" target=\"_blank\" rel=\"noreferrer noopener\" title=\"https:\/\/www.liberation.fr\/international\/europe\/pologne-lopposition-democratique-savoure-les-sortants-du-pis-saccrochent-20231017_5IOKWDK5XJAUJIX7GWOCMSHS7U\/\">Donald Tusk<\/a>. \u00abOn ne peut pas punir pour une perte d\u2019emploi &#8211; surtout pas les enfants innocents. C\u2019est l\u2019ABC de la d\u00e9cence humaine\u00bb, a d\u00e9clar\u00e9 sur X la ministre du Travail Agnieszka Dziemianowicz-Bak. Selon la conf\u00e9d\u00e9ration patronale Lewiatan, le veto du pr\u00e9sident \u00abest une mauvaise nouvelle\u00bb, aussi bien pour les Ukrainiens vivant en Pologne que pour les entrepreneurs qui les emploient. Lewiatan a soulign\u00e9 que jusqu\u2019\u00e0 80 % des citoyens ukrainiens vivant en Pologne sont actifs professionnellement, \u00abl\u2019un des taux les plus \u00e9lev\u00e9s parmi les r\u00e9fugi\u00e9s de guerre dans les pays de l\u2019OCDE\u00bb.<\/p>\n<p class=\"sc-ksZaOG ehjQrN text-element\">Selon un rapport r\u00e9cent du cabinet international Deloitte r\u00e9alis\u00e9 avec l\u2019UNHCR, l\u2019Agence des Nations Unies pour les r\u00e9fugi\u00e9s, les Ukrainiens qui ont fui leur pays \u00abont eu un impact net de + 2,7 % sur le PIB\u00bb polonais. Ce gain serait \u00abperdu\u00bb si les r\u00e9fugi\u00e9s devaient partir, selon ce document. The Guardian assure aussi qu\u2019une \u00e9tude r\u00e9alis\u00e9e cette ann\u00e9e par la Banque nationale de d\u00e9veloppement polonaise a r\u00e9v\u00e9l\u00e9 que les Ukrainiens avaient contribu\u00e9 davantage aux imp\u00f4ts qu\u2019ils n\u2019avaient per\u00e7us de prestations sociales et que leur travail \u00e9tait crucial pour la stabilit\u00e9 \u00e9conomique.<\/p>\n<p class=\"sc-ksZaOG ehjQrN text-element\">La situation <a href=\"https:\/\/www.liberation.fr\/international\/europe\/presidentielle-en-pologne-les-liberaux-veulent-la-peau-du-droit-de-veto-20250515_UQDQV2CO2RDKFK7OYTXQHTWTDE\/\" target=\"_blank\" rel=\"noreferrer noopener\" title=\"https:\/\/www.liberation.fr\/international\/europe\/presidentielle-en-pologne-les-liberaux-veulent-la-peau-du-droit-de-veto-20250515_UQDQV2CO2RDKFK7OYTXQHTWTDE\/\">tend un peu plus les relations entre le gouvernement et le pr\u00e9sident<\/a> et les place dans une impasse l\u00e9gislative. Le quotidien britannique confirme que Tusk, qui esp\u00e9rait que son alli\u00e9 politique Rafal Trzaskowski, le maire de Varsovie, remporterait l\u2019\u00e9lection pr\u00e9sidentielle, a vu ses espoirs s\u2019envoler quand le candidat de droite Karol Nawrocki a remport\u00e9 la victoire serr\u00e9e &#8211; lui permettant depuis, d\u2019opposer largement son veto aux projets de loi du gouvernement.<\/p>\n","protected":false},"excerpt":{"rendered":"Varsovie fait le tri dans la solidarit\u00e9. Fra\u00eechement install\u00e9 dans le fauteuil de pr\u00e9sident de la Pologne, Karol&hellip;\n","protected":false},"author":2,"featured_media":346433,"comment_status":"","ping_status":"","sticky":false,"template":"","format":"standard","meta":{"footnotes":""},"categories":[1590],"tags":[11,1777,674,12,2437,220,297],"class_list":{"0":"post-346432","1":"post","2":"type-post","3":"status-publish","4":"format-standard","5":"has-post-thumbnail","7":"category-ukraine","8":"tag-actualites","9":"tag-eu","10":"tag-europe","11":"tag-news","12":"tag-pologne","13":"tag-ukraine","14":"tag-ukraine-la-crise"},"share_on_mastodon":{"url":"https:\/\/pubeurope.com\/@fr\/115098047373812061","error":""},"_links":{"self":[{"href":"https:\/\/www.europesays.com\/fr\/wp-json\/wp\/v2\/posts\/346432","targetHints":{"allow":["GET"]}}],"collection":[{"href":"https:\/\/www.europesays.com\/fr\/wp-json\/wp\/v2\/posts"}],"about":[{"href":"https:\/\/www.europesays.com\/fr\/wp-json\/wp\/v2\/types\/post"}],"author":[{"embeddable":true,"href":"https:\/\/www.europesays.com\/fr\/wp-json\/wp\/v2\/users\/2"}],"replies":[{"embeddable":true,"href":"https:\/\/www.europesays.com\/fr\/wp-json\/wp\/v2\/comments?post=346432"}],"version-history":[{"count":0,"href":"https:\/\/www.europesays.com\/fr\/wp-json\/wp\/v2\/posts\/346432\/revisions"}],"wp:featuredmedia":[{"embeddable":true,"href":"https:\/\/www.europesays.com\/fr\/wp-json\/wp\/v2\/media\/346433"}],"wp:attachment":[{"href":"https:\/\/www.europesays.com\/fr\/wp-json\/wp\/v2\/media?parent=346432"}],"wp:term":[{"taxonomy":"category","embeddable":true,"href":"https:\/\/www.europesays.com\/fr\/wp-json\/wp\/v2\/categories?post=346432"},{"taxonomy":"post_tag","embeddable":true,"href":"https:\/\/www.europesays.com\/fr\/wp-json\/wp\/v2\/tags?post=346432"}],"curies":[{"name":"wp","href":"https:\/\/api.w.org\/{rel}","templated":true}]}}